{"id":883,"date":"2016-01-21T18:12:57","date_gmt":"2016-01-21T17:12:57","guid":{"rendered":"http:\/\/agora.xtec.cat\/iesdelvoltreganes\/?p=883"},"modified":"2016-02-03T12:47:44","modified_gmt":"2016-02-03T11:47:44","slug":"lliga-de-debats","status":"publish","type":"post","link":"https:\/\/agora.xtec.cat\/iesdelvoltreganes\/general\/lliga-de-debats\/","title":{"rendered":"Lliga de debats"},"content":{"rendered":"<p>Els alumnes: David Soldevila, Marc Casellas, Albert Bigas, Roger S\u00e1nchez, Carles Moreu, Arnau Soler i Emma Dom\u00e8nech, de 2n de batxillerat, han participat a la lliga de debats organitzada per la universitat de Vic. Despr\u00e9s de tot un mat\u00ed intens debatent sobre\u00a0 el tema \u201cInternet ens fa m\u00e9s lliures?\u201d, l\u2019equip de l\u2019institut del Voltregan\u00e8s ha quedat en segon lloc.<br \/>\n<a href=\"http:\/\/agora.xtec.cat\/iesdelvoltreganes\/wp-content\/uploads\/usu618\/2016\/01\/debat.jpg\"><img loading=\"lazy\" decoding=\"async\" class=\" wp-image-884 size-medium alignleft\" src=\"http:\/\/agora.xtec.cat\/iesdelvoltreganes\/wp-content\/uploads\/usu618\/2016\/01\/debat-300x180.jpg\" alt=\"debat\" width=\"300\" height=\"180\" srcset=\"https:\/\/agora.xtec.cat\/iesdelvoltreganes\/wp-content\/uploads\/usu618\/2016\/01\/debat-300x180.jpg 300w, https:\/\/agora.xtec.cat\/iesdelvoltreganes\/wp-content\/uploads\/usu618\/2016\/01\/debat-1024x614.jpg 1024w\" sizes=\"auto, (max-width: 300px) 100vw, 300px\" \/><\/a><a href=\"http:\/\/agora.xtec.cat\/iesdelvoltreganes\/wp-content\/uploads\/usu618\/2016\/01\/debats.jpg\"><img loading=\"lazy\" decoding=\"async\" class=\" wp-image-885 size-medium aligncenter\" src=\"http:\/\/agora.xtec.cat\/iesdelvoltreganes\/wp-content\/uploads\/usu618\/2016\/01\/debats-300x180.jpg\" alt=\"debats\" width=\"300\" height=\"180\" srcset=\"https:\/\/agora.xtec.cat\/iesdelvoltreganes\/wp-content\/uploads\/usu618\/2016\/01\/debats-300x180.jpg 300w, https:\/\/agora.xtec.cat\/iesdelvoltreganes\/wp-content\/uploads\/usu618\/2016\/01\/debats-1024x614.jpg 1024w\" sizes=\"auto, (max-width: 300px) 100vw, 300px\" \/><\/a><\/p>\n","protected":false},"excerpt":{"rendered":"<p>Els alumnes: David Soldevila, Marc Casellas, Albert Bigas, Roger S\u00e1nchez, Carles Moreu, Arnau Soler i Emma Dom\u00e8nech, de 2n de batxillerat, han participat a la lliga de debats organitzada per la universitat de Vic. Despr\u00e9s de tot un mat\u00ed intens debatent sobre\u00a0 el tema \u201cInternet&hellip;  <a href=\"https:\/\/agora.xtec.cat\/iesdelvoltreganes\/general\/lliga-de-debats\/\" title=\"Read Lliga de debats\">Llegeix m\u00e9s\u00bb<\/a><\/p>\n","protected":false},"author":6,"featured_media":0,"comment_status":"open","ping_status":"open","sticky":false,"template":"","format":"standard","meta":{"_bbp_topic_count":0,"_bbp_reply_count":0,"_bbp_total_topic_count":0,"_bbp_total_reply_count":0,"_bbp_voice_count":0,"_bbp_anonymous_reply_count":0,"_bbp_topic_count_hidden":0,"_bbp_reply_count_hidden":0,"_bbp_forum_subforum_count":0,"footnotes":""},"categories":[8,1,29],"tags":[43],"class_list":["post-883","post","type-post","status-publish","format-standard","hentry","category-batxillerat","category-general","category-portada","tag-expressio-oral"],"post_mailing_queue_ids":[],"_links":{"self":[{"href":"https:\/\/agora.xtec.cat\/iesdelvoltreganes\/wp-json\/wp\/v2\/posts\/883","targetHints":{"allow":["GET"]}}],"collection":[{"href":"https:\/\/agora.xtec.cat\/iesdelvoltreganes\/wp-json\/wp\/v2\/posts"}],"about":[{"href":"https:\/\/agora.xtec.cat\/iesdelvoltreganes\/wp-json\/wp\/v2\/types\/post"}],"author":[{"embeddable":true,"href":"https:\/\/agora.xtec.cat\/iesdelvoltreganes\/wp-json\/wp\/v2\/users\/6"}],"replies":[{"embeddable":true,"href":"https:\/\/agora.xtec.cat\/iesdelvoltreganes\/wp-json\/wp\/v2\/comments?post=883"}],"version-history":[{"count":3,"href":"https:\/\/agora.xtec.cat\/iesdelvoltreganes\/wp-json\/wp\/v2\/posts\/883\/revisions"}],"predecessor-version":[{"id":920,"href":"https:\/\/agora.xtec.cat\/iesdelvoltreganes\/wp-json\/wp\/v2\/posts\/883\/revisions\/920"}],"wp:attachment":[{"href":"https:\/\/agora.xtec.cat\/iesdelvoltreganes\/wp-json\/wp\/v2\/media?parent=883"}],"wp:term":[{"taxonomy":"category","embeddable":true,"href":"https:\/\/agora.xtec.cat\/iesdelvoltreganes\/wp-json\/wp\/v2\/categories?post=883"},{"taxonomy":"post_tag","embeddable":true,"href":"https:\/\/agora.xtec.cat\/iesdelvoltreganes\/wp-json\/wp\/v2\/tags?post=883"}],"curies":[{"name":"wp","href":"https:\/\/api.w.org\/{rel}","templated":true}]}}