{"id":7887,"date":"2026-06-18T13:18:47","date_gmt":"2026-06-18T11:18:47","guid":{"rendered":"https:\/\/agora.xtec.cat\/iesdelvoltreganes\/?p=7887"},"modified":"2026-06-18T13:18:47","modified_gmt":"2026-06-18T11:18:47","slug":"alumnes-de-la-coral-a-radio-voltrega","status":"publish","type":"post","link":"https:\/\/agora.xtec.cat\/iesdelvoltreganes\/general\/alumnes-de-la-coral-a-radio-voltrega\/","title":{"rendered":"Alumnes de la Coral a R\u00e0dio Voltreg\u00e0"},"content":{"rendered":"<p><span style=\"font-weight: 400;\">El passat dimarts 16 de juny els alumnes de la Coral vam anar a R\u00e0dio Voltreg\u00e0 a enregistrar els cors del musical Mary Poppins que est\u00e0 preparant el Grup de Teatre de Sant Hip\u00f2lit. Una experi\u00e8ncia diferent i molt ben valorada per l\u2019alumnat que hi va participar.<\/span><\/p>\n<p><a href=\"https:\/\/agora.xtec.cat\/iesdelvoltreganes\/wp-content\/uploads\/usu618\/2026\/06\/radio-1.png\"><img loading=\"lazy\" decoding=\"async\" class=\"size-full wp-image-7888 aligncenter\" src=\"https:\/\/agora.xtec.cat\/iesdelvoltreganes\/wp-content\/uploads\/usu618\/2026\/06\/radio-1.png\" alt=\"\" width=\"909\" height=\"657\" srcset=\"https:\/\/agora.xtec.cat\/iesdelvoltreganes\/wp-content\/uploads\/usu618\/2026\/06\/radio-1.png 909w, https:\/\/agora.xtec.cat\/iesdelvoltreganes\/wp-content\/uploads\/usu618\/2026\/06\/radio-1-300x217.png 300w, https:\/\/agora.xtec.cat\/iesdelvoltreganes\/wp-content\/uploads\/usu618\/2026\/06\/radio-1-768x555.png 768w\" sizes=\"auto, (max-width: 909px) 100vw, 909px\" \/><\/a> <a href=\"https:\/\/agora.xtec.cat\/iesdelvoltreganes\/wp-content\/uploads\/usu618\/2026\/06\/radio-2.png\"><img loading=\"lazy\" decoding=\"async\" class=\"size-full wp-image-7889 aligncenter\" src=\"https:\/\/agora.xtec.cat\/iesdelvoltreganes\/wp-content\/uploads\/usu618\/2026\/06\/radio-2.png\" alt=\"\" width=\"916\" height=\"628\" srcset=\"https:\/\/agora.xtec.cat\/iesdelvoltreganes\/wp-content\/uploads\/usu618\/2026\/06\/radio-2.png 916w, https:\/\/agora.xtec.cat\/iesdelvoltreganes\/wp-content\/uploads\/usu618\/2026\/06\/radio-2-300x206.png 300w, https:\/\/agora.xtec.cat\/iesdelvoltreganes\/wp-content\/uploads\/usu618\/2026\/06\/radio-2-768x527.png 768w\" sizes=\"auto, (max-width: 916px) 100vw, 916px\" \/><\/a> <a href=\"https:\/\/agora.xtec.cat\/iesdelvoltreganes\/wp-content\/uploads\/usu618\/2026\/06\/radio-3.png\"><img loading=\"lazy\" decoding=\"async\" class=\"size-full wp-image-7890 aligncenter\" src=\"https:\/\/agora.xtec.cat\/iesdelvoltreganes\/wp-content\/uploads\/usu618\/2026\/06\/radio-3.png\" alt=\"\" width=\"930\" height=\"610\" srcset=\"https:\/\/agora.xtec.cat\/iesdelvoltreganes\/wp-content\/uploads\/usu618\/2026\/06\/radio-3.png 930w, https:\/\/agora.xtec.cat\/iesdelvoltreganes\/wp-content\/uploads\/usu618\/2026\/06\/radio-3-300x197.png 300w, https:\/\/agora.xtec.cat\/iesdelvoltreganes\/wp-content\/uploads\/usu618\/2026\/06\/radio-3-768x504.png 768w\" sizes=\"auto, (max-width: 930px) 100vw, 930px\" \/><\/a> <a href=\"https:\/\/agora.xtec.cat\/iesdelvoltreganes\/wp-content\/uploads\/usu618\/2026\/06\/radio-4.png\"><img loading=\"lazy\" decoding=\"async\" class=\"size-full wp-image-7891 aligncenter\" src=\"https:\/\/agora.xtec.cat\/iesdelvoltreganes\/wp-content\/uploads\/usu618\/2026\/06\/radio-4.png\" alt=\"\" width=\"871\" height=\"615\" srcset=\"https:\/\/agora.xtec.cat\/iesdelvoltreganes\/wp-content\/uploads\/usu618\/2026\/06\/radio-4.png 871w, https:\/\/agora.xtec.cat\/iesdelvoltreganes\/wp-content\/uploads\/usu618\/2026\/06\/radio-4-300x212.png 300w, https:\/\/agora.xtec.cat\/iesdelvoltreganes\/wp-content\/uploads\/usu618\/2026\/06\/radio-4-768x542.png 768w\" sizes=\"auto, (max-width: 871px) 100vw, 871px\" \/><\/a> <a href=\"https:\/\/agora.xtec.cat\/iesdelvoltreganes\/wp-content\/uploads\/usu618\/2026\/06\/radio-5.png\"><img loading=\"lazy\" decoding=\"async\" class=\"size-full wp-image-7892 aligncenter\" src=\"https:\/\/agora.xtec.cat\/iesdelvoltreganes\/wp-content\/uploads\/usu618\/2026\/06\/radio-5.png\" alt=\"\" width=\"928\" height=\"621\" srcset=\"https:\/\/agora.xtec.cat\/iesdelvoltreganes\/wp-content\/uploads\/usu618\/2026\/06\/radio-5.png 928w, https:\/\/agora.xtec.cat\/iesdelvoltreganes\/wp-content\/uploads\/usu618\/2026\/06\/radio-5-300x201.png 300w, https:\/\/agora.xtec.cat\/iesdelvoltreganes\/wp-content\/uploads\/usu618\/2026\/06\/radio-5-768x514.png 768w\" sizes=\"auto, (max-width: 928px) 100vw, 928px\" \/><\/a><\/p>\n","protected":false},"excerpt":{"rendered":"<p>El passat dimarts 16 de juny els alumnes de la Coral vam anar a R\u00e0dio Voltreg\u00e0 a enregistrar els cors del musical Mary Poppins que est\u00e0 preparant el Grup de Teatre de Sant Hip\u00f2lit. Una experi\u00e8ncia diferent i molt ben valorada per l\u2019alumnat que hi va participar.<\/p>\n","protected":false},"author":55,"featured_media":0,"comment_status":"open","ping_status":"open","sticky":false,"template":"","format":"standard","meta":{"_bbp_topic_count":0,"_bbp_reply_count":0,"_bbp_total_topic_count":0,"_bbp_total_reply_count":0,"_bbp_voice_count":0,"_bbp_anonymous_reply_count":0,"_bbp_topic_count_hidden":0,"_bbp_reply_count_hidden":0,"_bbp_forum_subforum_count":0,"site-sidebar-layout":"default","site-content-layout":"","ast-site-content-layout":"","site-content-style":"default","site-sidebar-style":"default","ast-global-header-display":"","ast-banner-title-visibility":"","ast-main-header-display":"","ast-hfb-above-header-display":"","ast-hfb-below-header-display":"","ast-hfb-mobile-header-display":"","site-post-title":"","ast-breadcrumbs-content":"","ast-featured-img":"","footer-sml-layout":"","theme-transparent-header-meta":"","adv-header-id-meta":"","stick-header-meta":"","header-above-stick-meta":"","header-main-stick-meta":"","header-below-stick-meta":"","astra-migrate-meta-layouts":"default","ast-page-background-enabled":"default","ast-page-background-meta":{"desktop":{"background-color":"var(--ast-global-color-4)","background-image":"","background-repeat":"repeat","background-position":"center center","background-size":"auto","background-attachment":"scroll","background-type":"","background-media":"","overlay-type":"","overlay-color":"","overlay-opacity":"","overlay-gradient":""},"tablet":{"background-color":"","background-image":"","background-repeat":"repeat","background-position":"center center","background-size":"auto","background-attachment":"scroll","background-type":"","background-media":"","overlay-type":"","overlay-color":"","overlay-opacity":"","overlay-gradient":""},"mobile":{"background-color":"","background-image":"","background-repeat":"repeat","background-position":"center center","background-size":"auto","background-attachment":"scroll","background-type":"","background-media":"","overlay-type":"","overlay-color":"","overlay-opacity":"","overlay-gradient":""}},"ast-content-background-meta":{"desktop":{"background-color":"var(--ast-global-color-5)","background-image":"","background-repeat":"repeat","background-position":"center center","background-size":"auto","background-attachment":"scroll","background-type":"","background-media":"","overlay-type":"","overlay-color":"","overlay-opacity":"","overlay-gradient":""},"tablet":{"background-color":"var(--ast-global-color-5)","background-image":"","background-repeat":"repeat","background-position":"center center","background-size":"auto","background-attachment":"scroll","background-type":"","background-media":"","overlay-type":"","overlay-color":"","overlay-opacity":"","overlay-gradient":""},"mobile":{"background-color":"var(--ast-global-color-5)","background-image":"","background-repeat":"repeat","background-position":"center center","background-size":"auto","background-attachment":"scroll","background-type":"","background-media":"","overlay-type":"","overlay-color":"","overlay-opacity":"","overlay-gradient":""}},"footnotes":""},"categories":[5,6,1,74,29],"tags":[],"class_list":["post-7887","post","type-post","status-publish","format-standard","hentry","category-eso-2","category-eso-3","category-general","category-musica","category-portada"],"post_mailing_queue_ids":[],"_links":{"self":[{"href":"https:\/\/agora.xtec.cat\/iesdelvoltreganes\/wp-json\/wp\/v2\/posts\/7887","targetHints":{"allow":["GET"]}}],"collection":[{"href":"https:\/\/agora.xtec.cat\/iesdelvoltreganes\/wp-json\/wp\/v2\/posts"}],"about":[{"href":"https:\/\/agora.xtec.cat\/iesdelvoltreganes\/wp-json\/wp\/v2\/types\/post"}],"author":[{"embeddable":true,"href":"https:\/\/agora.xtec.cat\/iesdelvoltreganes\/wp-json\/wp\/v2\/users\/55"}],"replies":[{"embeddable":true,"href":"https:\/\/agora.xtec.cat\/iesdelvoltreganes\/wp-json\/wp\/v2\/comments?post=7887"}],"version-history":[{"count":1,"href":"https:\/\/agora.xtec.cat\/iesdelvoltreganes\/wp-json\/wp\/v2\/posts\/7887\/revisions"}],"predecessor-version":[{"id":7893,"href":"https:\/\/agora.xtec.cat\/iesdelvoltreganes\/wp-json\/wp\/v2\/posts\/7887\/revisions\/7893"}],"wp:attachment":[{"href":"https:\/\/agora.xtec.cat\/iesdelvoltreganes\/wp-json\/wp\/v2\/media?parent=7887"}],"wp:term":[{"taxonomy":"category","embeddable":true,"href":"https:\/\/agora.xtec.cat\/iesdelvoltreganes\/wp-json\/wp\/v2\/categories?post=7887"},{"taxonomy":"post_tag","embeddable":true,"href":"https:\/\/agora.xtec.cat\/iesdelvoltreganes\/wp-json\/wp\/v2\/tags?post=7887"}],"curies":[{"name":"wp","href":"https:\/\/api.w.org\/{rel}","templated":true}]}}