{"id":7741,"date":"2026-04-21T13:26:51","date_gmt":"2026-04-21T11:26:51","guid":{"rendered":"https:\/\/agora.xtec.cat\/iesdelvoltreganes\/?p=7741"},"modified":"2026-04-22T10:14:33","modified_gmt":"2026-04-22T08:14:33","slug":"sortida-al-parlament-alumnat-3r-eso","status":"publish","type":"post","link":"https:\/\/agora.xtec.cat\/iesdelvoltreganes\/general\/sortida-al-parlament-alumnat-3r-eso\/","title":{"rendered":"SORTIDA AL PARLAMENT ALUMNAT 3R ESO"},"content":{"rendered":"<p><span style=\"font-weight: 400;\">Tot l\u2019alumnat de 3r de la ESO va fer una visita guiada al Parlament de Catalunya per tal de poder con\u00e8ixer l\u2019espai i el funcionament b\u00e0sic de la principal instituci\u00f3 pol\u00edtica representativa de la ciutadania catalana.<\/span><\/p>\n<p><span style=\"font-weight: 400;\">Els guies en van explicar la transformaci\u00f3 de l\u2019edifici des del segle XVIII fins a l\u2019actualitat, aix\u00ed com tamb\u00e9 la funci\u00f3 dels diputats i diputades a l\u2019hemicicle, la sala dels passos perduts i el despatx de treball de la mesa del Parlament. Tot plegat una jornada ben interessant!<\/span><\/p>\n<p>&nbsp;<\/p>\n<p><a href=\"https:\/\/agora.xtec.cat\/iesdelvoltreganes\/wp-content\/uploads\/usu618\/2026\/04\/parla-ok-3.png\"><img loading=\"lazy\" decoding=\"async\" class=\"size-full wp-image-7755 aligncenter\" src=\"https:\/\/agora.xtec.cat\/iesdelvoltreganes\/wp-content\/uploads\/usu618\/2026\/04\/parla-ok-3.png\" alt=\"\" width=\"988\" height=\"771\" srcset=\"https:\/\/agora.xtec.cat\/iesdelvoltreganes\/wp-content\/uploads\/usu618\/2026\/04\/parla-ok-3.png 988w, https:\/\/agora.xtec.cat\/iesdelvoltreganes\/wp-content\/uploads\/usu618\/2026\/04\/parla-ok-3-300x234.png 300w, https:\/\/agora.xtec.cat\/iesdelvoltreganes\/wp-content\/uploads\/usu618\/2026\/04\/parla-ok-3-768x599.png 768w\" sizes=\"auto, (max-width: 988px) 100vw, 988px\" \/><\/a><a href=\"https:\/\/agora.xtec.cat\/iesdelvoltreganes\/wp-content\/uploads\/usu618\/2026\/04\/parla-ok.png\"><img loading=\"lazy\" decoding=\"async\" class=\"size-full wp-image-7756 aligncenter\" src=\"https:\/\/agora.xtec.cat\/iesdelvoltreganes\/wp-content\/uploads\/usu618\/2026\/04\/parla-ok.png\" alt=\"\" width=\"906\" height=\"697\" srcset=\"https:\/\/agora.xtec.cat\/iesdelvoltreganes\/wp-content\/uploads\/usu618\/2026\/04\/parla-ok.png 906w, https:\/\/agora.xtec.cat\/iesdelvoltreganes\/wp-content\/uploads\/usu618\/2026\/04\/parla-ok-300x231.png 300w, https:\/\/agora.xtec.cat\/iesdelvoltreganes\/wp-content\/uploads\/usu618\/2026\/04\/parla-ok-768x591.png 768w\" sizes=\"auto, (max-width: 906px) 100vw, 906px\" \/><\/a><a href=\"https:\/\/agora.xtec.cat\/iesdelvoltreganes\/wp-content\/uploads\/usu618\/2026\/04\/parla-2-1.png\"><img loading=\"lazy\" decoding=\"async\" class=\"size-full wp-image-7752 aligncenter\" src=\"https:\/\/agora.xtec.cat\/iesdelvoltreganes\/wp-content\/uploads\/usu618\/2026\/04\/parla-2-1.png\" alt=\"\" width=\"808\" height=\"649\" srcset=\"https:\/\/agora.xtec.cat\/iesdelvoltreganes\/wp-content\/uploads\/usu618\/2026\/04\/parla-2-1.png 808w, https:\/\/agora.xtec.cat\/iesdelvoltreganes\/wp-content\/uploads\/usu618\/2026\/04\/parla-2-1-300x241.png 300w, https:\/\/agora.xtec.cat\/iesdelvoltreganes\/wp-content\/uploads\/usu618\/2026\/04\/parla-2-1-768x617.png 768w\" sizes=\"auto, (max-width: 808px) 100vw, 808px\" \/><\/a> <a href=\"https:\/\/agora.xtec.cat\/iesdelvoltreganes\/wp-content\/uploads\/usu618\/2026\/04\/parla-menys-muns-4.png\"><img loading=\"lazy\" decoding=\"async\" class=\"size-full wp-image-7753 aligncenter\" src=\"https:\/\/agora.xtec.cat\/iesdelvoltreganes\/wp-content\/uploads\/usu618\/2026\/04\/parla-menys-muns-4.png\" alt=\"\" width=\"1132\" height=\"673\" srcset=\"https:\/\/agora.xtec.cat\/iesdelvoltreganes\/wp-content\/uploads\/usu618\/2026\/04\/parla-menys-muns-4.png 1132w, https:\/\/agora.xtec.cat\/iesdelvoltreganes\/wp-content\/uploads\/usu618\/2026\/04\/parla-menys-muns-4-300x178.png 300w, https:\/\/agora.xtec.cat\/iesdelvoltreganes\/wp-content\/uploads\/usu618\/2026\/04\/parla-menys-muns-4-1024x609.png 1024w, https:\/\/agora.xtec.cat\/iesdelvoltreganes\/wp-content\/uploads\/usu618\/2026\/04\/parla-menys-muns-4-768x457.png 768w\" sizes=\"auto, (max-width: 1132px) 100vw, 1132px\" \/><\/a> <a href=\"https:\/\/agora.xtec.cat\/iesdelvoltreganes\/wp-content\/uploads\/usu618\/2026\/04\/parla-menys-muns.png\"><img loading=\"lazy\" decoding=\"async\" class=\"size-full wp-image-7754 aligncenter\" src=\"https:\/\/agora.xtec.cat\/iesdelvoltreganes\/wp-content\/uploads\/usu618\/2026\/04\/parla-menys-muns.png\" alt=\"\" width=\"760\" height=\"583\" srcset=\"https:\/\/agora.xtec.cat\/iesdelvoltreganes\/wp-content\/uploads\/usu618\/2026\/04\/parla-menys-muns.png 760w, https:\/\/agora.xtec.cat\/iesdelvoltreganes\/wp-content\/uploads\/usu618\/2026\/04\/parla-menys-muns-300x230.png 300w\" sizes=\"auto, (max-width: 760px) 100vw, 760px\" \/><\/a><\/p>\n","protected":false},"excerpt":{"rendered":"<p>Tot l\u2019alumnat de 3r de la ESO va fer una visita guiada al Parlament de Catalunya per tal de poder con\u00e8ixer l\u2019espai i el funcionament b\u00e0sic de la principal instituci\u00f3 pol\u00edtica representativa de la ciutadania catalana.<br \/>\nEls guies en van explicar la transformaci\u00f3 de l\u2019edifici des&hellip;  <a href=\"https:\/\/agora.xtec.cat\/iesdelvoltreganes\/general\/sortida-al-parlament-alumnat-3r-eso\/\" title=\"Read SORTIDA AL PARLAMENT ALUMNAT 3R ESO\">Llegeix m\u00e9s\u00bb<\/a><\/p>\n","protected":false},"author":55,"featured_media":0,"comment_status":"open","ping_status":"open","sticky":false,"template":"","format":"standard","meta":{"_bbp_topic_count":0,"_bbp_reply_count":0,"_bbp_total_topic_count":0,"_bbp_total_reply_count":0,"_bbp_voice_count":0,"_bbp_anonymous_reply_count":0,"_bbp_topic_count_hidden":0,"_bbp_reply_count_hidden":0,"_bbp_forum_subforum_count":0,"footnotes":""},"categories":[66,6,1,29],"tags":[],"class_list":["post-7741","post","type-post","status-publish","format-standard","hentry","category-ciencies-socials","category-eso-3","category-general","category-portada"],"post_mailing_queue_ids":[],"_links":{"self":[{"href":"https:\/\/agora.xtec.cat\/iesdelvoltreganes\/wp-json\/wp\/v2\/posts\/7741","targetHints":{"allow":["GET"]}}],"collection":[{"href":"https:\/\/agora.xtec.cat\/iesdelvoltreganes\/wp-json\/wp\/v2\/posts"}],"about":[{"href":"https:\/\/agora.xtec.cat\/iesdelvoltreganes\/wp-json\/wp\/v2\/types\/post"}],"author":[{"embeddable":true,"href":"https:\/\/agora.xtec.cat\/iesdelvoltreganes\/wp-json\/wp\/v2\/users\/55"}],"replies":[{"embeddable":true,"href":"https:\/\/agora.xtec.cat\/iesdelvoltreganes\/wp-json\/wp\/v2\/comments?post=7741"}],"version-history":[{"count":3,"href":"https:\/\/agora.xtec.cat\/iesdelvoltreganes\/wp-json\/wp\/v2\/posts\/7741\/revisions"}],"predecessor-version":[{"id":7757,"href":"https:\/\/agora.xtec.cat\/iesdelvoltreganes\/wp-json\/wp\/v2\/posts\/7741\/revisions\/7757"}],"wp:attachment":[{"href":"https:\/\/agora.xtec.cat\/iesdelvoltreganes\/wp-json\/wp\/v2\/media?parent=7741"}],"wp:term":[{"taxonomy":"category","embeddable":true,"href":"https:\/\/agora.xtec.cat\/iesdelvoltreganes\/wp-json\/wp\/v2\/categories?post=7741"},{"taxonomy":"post_tag","embeddable":true,"href":"https:\/\/agora.xtec.cat\/iesdelvoltreganes\/wp-json\/wp\/v2\/tags?post=7741"}],"curies":[{"name":"wp","href":"https:\/\/api.w.org\/{rel}","templated":true}]}}