{"id":7733,"date":"2026-04-14T09:48:08","date_gmt":"2026-04-14T07:48:08","guid":{"rendered":"https:\/\/agora.xtec.cat\/iesdelvoltreganes\/?p=7733"},"modified":"2026-04-14T09:48:08","modified_gmt":"2026-04-14T07:48:08","slug":"recerca-creacio-i-servei-4rt-eso","status":"publish","type":"post","link":"https:\/\/agora.xtec.cat\/iesdelvoltreganes\/general\/recerca-creacio-i-servei-4rt-eso\/","title":{"rendered":"RECERCA, CREACI\u00d3 I SERVEI 4rt ESO"},"content":{"rendered":"<p><span style=\"font-weight: 400;\">El grup de 4rt que participa en LA RECERCA DE LA PARAULA PERDUDA, dins la mat\u00e8ria de RCS, ha fet una sortida a la Casa Museu del Voltregan\u00e8s. En aquest preci\u00f3s espai de mem\u00f2ria i salvaguarda del nostre entorn ens esperaven en Gerard Serrat i l\u2019Assumpta per fer-nos una visita per la casa i els seus tresors. Amb el recorregut i les explicacions l\u2019alumnat ha pogut recuperar i descobrir paraules, oficis, objectes i maneres de viure d\u2019una realitat quotidiana no pas tant llunyana de la nostra. Una bona immersi\u00f3 en la mem\u00f2ria m\u00e9s propera i un bon punt de partida per treballar la riquesa del nostre vocabulari tot recuperant mots i expressions per con\u00e8ixer-ne el significat i l\u2019\u00fas.<\/span><\/p>\n<p><a href=\"https:\/\/agora.xtec.cat\/iesdelvoltreganes\/wp-content\/uploads\/usu618\/2026\/04\/rcs-3.png\"><img loading=\"lazy\" decoding=\"async\" class=\"size-full wp-image-7734 aligncenter\" src=\"https:\/\/agora.xtec.cat\/iesdelvoltreganes\/wp-content\/uploads\/usu618\/2026\/04\/rcs-3.png\" alt=\"\" width=\"913\" height=\"619\" srcset=\"https:\/\/agora.xtec.cat\/iesdelvoltreganes\/wp-content\/uploads\/usu618\/2026\/04\/rcs-3.png 913w, https:\/\/agora.xtec.cat\/iesdelvoltreganes\/wp-content\/uploads\/usu618\/2026\/04\/rcs-3-300x203.png 300w, https:\/\/agora.xtec.cat\/iesdelvoltreganes\/wp-content\/uploads\/usu618\/2026\/04\/rcs-3-768x521.png 768w\" sizes=\"auto, (max-width: 913px) 100vw, 913px\" \/><\/a> <a href=\"https:\/\/agora.xtec.cat\/iesdelvoltreganes\/wp-content\/uploads\/usu618\/2026\/04\/rcs-4.png\"><img loading=\"lazy\" decoding=\"async\" class=\"size-full wp-image-7735 aligncenter\" src=\"https:\/\/agora.xtec.cat\/iesdelvoltreganes\/wp-content\/uploads\/usu618\/2026\/04\/rcs-4.png\" alt=\"\" width=\"472\" height=\"616\" srcset=\"https:\/\/agora.xtec.cat\/iesdelvoltreganes\/wp-content\/uploads\/usu618\/2026\/04\/rcs-4.png 472w, https:\/\/agora.xtec.cat\/iesdelvoltreganes\/wp-content\/uploads\/usu618\/2026\/04\/rcs-4-230x300.png 230w\" sizes=\"auto, (max-width: 472px) 100vw, 472px\" \/><\/a> <a href=\"https:\/\/agora.xtec.cat\/iesdelvoltreganes\/wp-content\/uploads\/usu618\/2026\/04\/rcs-o.png\"><img loading=\"lazy\" decoding=\"async\" class=\"size-full wp-image-7736 aligncenter\" src=\"https:\/\/agora.xtec.cat\/iesdelvoltreganes\/wp-content\/uploads\/usu618\/2026\/04\/rcs-o.png\" alt=\"\" width=\"898\" height=\"592\" srcset=\"https:\/\/agora.xtec.cat\/iesdelvoltreganes\/wp-content\/uploads\/usu618\/2026\/04\/rcs-o.png 898w, https:\/\/agora.xtec.cat\/iesdelvoltreganes\/wp-content\/uploads\/usu618\/2026\/04\/rcs-o-300x198.png 300w, https:\/\/agora.xtec.cat\/iesdelvoltreganes\/wp-content\/uploads\/usu618\/2026\/04\/rcs-o-768x506.png 768w\" sizes=\"auto, (max-width: 898px) 100vw, 898px\" \/><\/a> <a href=\"https:\/\/agora.xtec.cat\/iesdelvoltreganes\/wp-content\/uploads\/usu618\/2026\/04\/rcs.png\"><img loading=\"lazy\" decoding=\"async\" class=\"size-full wp-image-7737 aligncenter\" src=\"https:\/\/agora.xtec.cat\/iesdelvoltreganes\/wp-content\/uploads\/usu618\/2026\/04\/rcs.png\" alt=\"\" width=\"934\" height=\"601\" srcset=\"https:\/\/agora.xtec.cat\/iesdelvoltreganes\/wp-content\/uploads\/usu618\/2026\/04\/rcs.png 934w, https:\/\/agora.xtec.cat\/iesdelvoltreganes\/wp-content\/uploads\/usu618\/2026\/04\/rcs-300x193.png 300w, https:\/\/agora.xtec.cat\/iesdelvoltreganes\/wp-content\/uploads\/usu618\/2026\/04\/rcs-768x494.png 768w\" sizes=\"auto, (max-width: 934px) 100vw, 934px\" \/><\/a><\/p>\n","protected":false},"excerpt":{"rendered":"<p>El grup de 4rt que participa en LA RECERCA DE LA PARAULA PERDUDA, dins la mat\u00e8ria de RCS, ha fet una sortida a la Casa Museu del Voltregan\u00e8s. En aquest preci\u00f3s espai de mem\u00f2ria i salvaguarda del nostre entorn ens esperaven en Gerard Serrat i&hellip;  <a href=\"https:\/\/agora.xtec.cat\/iesdelvoltreganes\/general\/recerca-creacio-i-servei-4rt-eso\/\" title=\"Read RECERCA, CREACI\u00d3 I SERVEI 4rt ESO\">Llegeix m\u00e9s\u00bb<\/a><\/p>\n","protected":false},"author":55,"featured_media":0,"comment_status":"open","ping_status":"open","sticky":false,"template":"","format":"standard","meta":{"_bbp_topic_count":0,"_bbp_reply_count":0,"_bbp_total_topic_count":0,"_bbp_total_reply_count":0,"_bbp_voice_count":0,"_bbp_anonymous_reply_count":0,"_bbp_topic_count_hidden":0,"_bbp_reply_count_hidden":0,"_bbp_forum_subforum_count":0,"footnotes":""},"categories":[7,1,29],"tags":[],"class_list":["post-7733","post","type-post","status-publish","format-standard","hentry","category-eso-4","category-general","category-portada"],"post_mailing_queue_ids":[],"_links":{"self":[{"href":"https:\/\/agora.xtec.cat\/iesdelvoltreganes\/wp-json\/wp\/v2\/posts\/7733","targetHints":{"allow":["GET"]}}],"collection":[{"href":"https:\/\/agora.xtec.cat\/iesdelvoltreganes\/wp-json\/wp\/v2\/posts"}],"about":[{"href":"https:\/\/agora.xtec.cat\/iesdelvoltreganes\/wp-json\/wp\/v2\/types\/post"}],"author":[{"embeddable":true,"href":"https:\/\/agora.xtec.cat\/iesdelvoltreganes\/wp-json\/wp\/v2\/users\/55"}],"replies":[{"embeddable":true,"href":"https:\/\/agora.xtec.cat\/iesdelvoltreganes\/wp-json\/wp\/v2\/comments?post=7733"}],"version-history":[{"count":1,"href":"https:\/\/agora.xtec.cat\/iesdelvoltreganes\/wp-json\/wp\/v2\/posts\/7733\/revisions"}],"predecessor-version":[{"id":7738,"href":"https:\/\/agora.xtec.cat\/iesdelvoltreganes\/wp-json\/wp\/v2\/posts\/7733\/revisions\/7738"}],"wp:attachment":[{"href":"https:\/\/agora.xtec.cat\/iesdelvoltreganes\/wp-json\/wp\/v2\/media?parent=7733"}],"wp:term":[{"taxonomy":"category","embeddable":true,"href":"https:\/\/agora.xtec.cat\/iesdelvoltreganes\/wp-json\/wp\/v2\/categories?post=7733"},{"taxonomy":"post_tag","embeddable":true,"href":"https:\/\/agora.xtec.cat\/iesdelvoltreganes\/wp-json\/wp\/v2\/tags?post=7733"}],"curies":[{"name":"wp","href":"https:\/\/api.w.org\/{rel}","templated":true}]}}