{"id":7728,"date":"2026-04-14T09:43:51","date_gmt":"2026-04-14T07:43:51","guid":{"rendered":"https:\/\/agora.xtec.cat\/iesdelvoltreganes\/?p=7728"},"modified":"2026-04-14T09:43:51","modified_gmt":"2026-04-14T07:43:51","slug":"xerrada-sobre-sexualitat-elena-crespi-3r-deso","status":"publish","type":"post","link":"https:\/\/agora.xtec.cat\/iesdelvoltreganes\/general\/xerrada-sobre-sexualitat-elena-crespi-3r-deso\/","title":{"rendered":"Xerrada sobre sexualitat &#8211; Elena Crespi &#8211; 3r d&#8217;ESO"},"content":{"rendered":"<div class=\"gmail_default\">Divendres, l\u2019alumnat de 3r d\u2019ESO va participar en una xerrada sobre sexualitat impartida per la sex\u00f2loga Elena Crespi.<\/div>\n<p>La sessi\u00f3 va ser molt enriquidora i va permetre abordar temes importants amb un enfocament proper, respectu\u00f3s i educatiu, afavorint la reflexi\u00f3 i la resoluci\u00f3 de dubtes en aquesta etapa vital.<\/p>\n<p>Volem agrair als ajuntaments la seva col\u00b7laboraci\u00f3 i suport per fer possible aquesta activitat.<\/p>\n<p><a href=\"https:\/\/agora.xtec.cat\/iesdelvoltreganes\/wp-content\/uploads\/usu618\/2026\/04\/crespi-2.png\"><img loading=\"lazy\" decoding=\"async\" class=\"size-full wp-image-7729 aligncenter\" src=\"https:\/\/agora.xtec.cat\/iesdelvoltreganes\/wp-content\/uploads\/usu618\/2026\/04\/crespi-2.png\" alt=\"\" width=\"847\" height=\"607\" srcset=\"https:\/\/agora.xtec.cat\/iesdelvoltreganes\/wp-content\/uploads\/usu618\/2026\/04\/crespi-2.png 847w, https:\/\/agora.xtec.cat\/iesdelvoltreganes\/wp-content\/uploads\/usu618\/2026\/04\/crespi-2-300x215.png 300w, https:\/\/agora.xtec.cat\/iesdelvoltreganes\/wp-content\/uploads\/usu618\/2026\/04\/crespi-2-768x550.png 768w\" sizes=\"auto, (max-width: 847px) 100vw, 847px\" \/><\/a> <a href=\"https:\/\/agora.xtec.cat\/iesdelvoltreganes\/wp-content\/uploads\/usu618\/2026\/04\/crespi-3.png\"><img loading=\"lazy\" decoding=\"async\" class=\"size-full wp-image-7730 aligncenter\" src=\"https:\/\/agora.xtec.cat\/iesdelvoltreganes\/wp-content\/uploads\/usu618\/2026\/04\/crespi-3.png\" alt=\"\" width=\"883\" height=\"594\" srcset=\"https:\/\/agora.xtec.cat\/iesdelvoltreganes\/wp-content\/uploads\/usu618\/2026\/04\/crespi-3.png 883w, https:\/\/agora.xtec.cat\/iesdelvoltreganes\/wp-content\/uploads\/usu618\/2026\/04\/crespi-3-300x202.png 300w, https:\/\/agora.xtec.cat\/iesdelvoltreganes\/wp-content\/uploads\/usu618\/2026\/04\/crespi-3-768x517.png 768w\" sizes=\"auto, (max-width: 883px) 100vw, 883px\" \/><\/a> <a href=\"https:\/\/agora.xtec.cat\/iesdelvoltreganes\/wp-content\/uploads\/usu618\/2026\/04\/crespi.png\"><img loading=\"lazy\" decoding=\"async\" class=\"size-full wp-image-7731 aligncenter\" src=\"https:\/\/agora.xtec.cat\/iesdelvoltreganes\/wp-content\/uploads\/usu618\/2026\/04\/crespi.png\" alt=\"\" width=\"486\" height=\"597\" srcset=\"https:\/\/agora.xtec.cat\/iesdelvoltreganes\/wp-content\/uploads\/usu618\/2026\/04\/crespi.png 486w, https:\/\/agora.xtec.cat\/iesdelvoltreganes\/wp-content\/uploads\/usu618\/2026\/04\/crespi-244x300.png 244w\" sizes=\"auto, (max-width: 486px) 100vw, 486px\" \/><\/a><\/p>\n","protected":false},"excerpt":{"rendered":"<p>Divendres, l\u2019alumnat de 3r d\u2019ESO va participar en una xerrada sobre sexualitat impartida per la sex\u00f2loga Elena Crespi.<br \/>\nLa sessi\u00f3 va ser molt enriquidora i va permetre abordar temes importants amb un enfocament proper, respectu\u00f3s i educatiu, afavorint la reflexi\u00f3 i la resoluci\u00f3 de dubtes en&hellip;  <a href=\"https:\/\/agora.xtec.cat\/iesdelvoltreganes\/general\/xerrada-sobre-sexualitat-elena-crespi-3r-deso\/\" title=\"Read Xerrada sobre sexualitat &#8211; Elena Crespi &#8211; 3r d&#8217;ESO\">Llegeix m\u00e9s\u00bb<\/a><\/p>\n","protected":false},"author":55,"featured_media":0,"comment_status":"open","ping_status":"open","sticky":false,"template":"","format":"standard","meta":{"_bbp_topic_count":0,"_bbp_reply_count":0,"_bbp_total_topic_count":0,"_bbp_total_reply_count":0,"_bbp_voice_count":0,"_bbp_anonymous_reply_count":0,"_bbp_topic_count_hidden":0,"_bbp_reply_count_hidden":0,"_bbp_forum_subforum_count":0,"footnotes":""},"categories":[6,1,29],"tags":[],"class_list":["post-7728","post","type-post","status-publish","format-standard","hentry","category-eso-3","category-general","category-portada"],"post_mailing_queue_ids":[],"_links":{"self":[{"href":"https:\/\/agora.xtec.cat\/iesdelvoltreganes\/wp-json\/wp\/v2\/posts\/7728","targetHints":{"allow":["GET"]}}],"collection":[{"href":"https:\/\/agora.xtec.cat\/iesdelvoltreganes\/wp-json\/wp\/v2\/posts"}],"about":[{"href":"https:\/\/agora.xtec.cat\/iesdelvoltreganes\/wp-json\/wp\/v2\/types\/post"}],"author":[{"embeddable":true,"href":"https:\/\/agora.xtec.cat\/iesdelvoltreganes\/wp-json\/wp\/v2\/users\/55"}],"replies":[{"embeddable":true,"href":"https:\/\/agora.xtec.cat\/iesdelvoltreganes\/wp-json\/wp\/v2\/comments?post=7728"}],"version-history":[{"count":1,"href":"https:\/\/agora.xtec.cat\/iesdelvoltreganes\/wp-json\/wp\/v2\/posts\/7728\/revisions"}],"predecessor-version":[{"id":7732,"href":"https:\/\/agora.xtec.cat\/iesdelvoltreganes\/wp-json\/wp\/v2\/posts\/7728\/revisions\/7732"}],"wp:attachment":[{"href":"https:\/\/agora.xtec.cat\/iesdelvoltreganes\/wp-json\/wp\/v2\/media?parent=7728"}],"wp:term":[{"taxonomy":"category","embeddable":true,"href":"https:\/\/agora.xtec.cat\/iesdelvoltreganes\/wp-json\/wp\/v2\/categories?post=7728"},{"taxonomy":"post_tag","embeddable":true,"href":"https:\/\/agora.xtec.cat\/iesdelvoltreganes\/wp-json\/wp\/v2\/tags?post=7728"}],"curies":[{"name":"wp","href":"https:\/\/api.w.org\/{rel}","templated":true}]}}