{"id":7723,"date":"2026-04-14T09:41:43","date_gmt":"2026-04-14T07:41:43","guid":{"rendered":"https:\/\/agora.xtec.cat\/iesdelvoltreganes\/?p=7723"},"modified":"2026-04-14T09:41:43","modified_gmt":"2026-04-14T07:41:43","slug":"xerrada-internet-segura-impartida-pels-mossos-desquadra","status":"publish","type":"post","link":"https:\/\/agora.xtec.cat\/iesdelvoltreganes\/general\/xerrada-internet-segura-impartida-pels-mossos-desquadra\/","title":{"rendered":"Xerrada &#8220;Internet segura&#8221; impartida pels Mossos d&#8217;Esquadra"},"content":{"rendered":"<div class=\"gmail_default\">El passat dijous 10 d\u2019abril es va dur a terme una xerrada sobre internet segura, impartida pels Mossos d\u2019Esquadra i adre\u00e7ada a les fam\u00edlies del centre.<\/div>\n<p>Durant la sessi\u00f3 es van tractar aspectes clau com l\u2019\u00fas responsable de les tecnologies, la prevenci\u00f3 de riscos a la xarxa i el paper fonamental de les fam\u00edlies en l\u2019acompanyament digital dels fills i filles. Va ser una trobada molt interessant i participativa, on es van compartir experi\u00e8ncies i es van resoldre dubtes.<\/p>\n<p>A partir de les necessitats i inquietuds que van sorgir, es duran a terme nous tallers per continuar aprofundint en aquesta tem\u00e0tica tan rellevant.<\/p>\n<p><a href=\"https:\/\/agora.xtec.cat\/iesdelvoltreganes\/wp-content\/uploads\/usu618\/2026\/04\/mossos-2.png\"><img loading=\"lazy\" decoding=\"async\" class=\"size-full wp-image-7724 aligncenter\" src=\"https:\/\/agora.xtec.cat\/iesdelvoltreganes\/wp-content\/uploads\/usu618\/2026\/04\/mossos-2.png\" alt=\"\" width=\"838\" height=\"538\" srcset=\"https:\/\/agora.xtec.cat\/iesdelvoltreganes\/wp-content\/uploads\/usu618\/2026\/04\/mossos-2.png 838w, https:\/\/agora.xtec.cat\/iesdelvoltreganes\/wp-content\/uploads\/usu618\/2026\/04\/mossos-2-300x193.png 300w, https:\/\/agora.xtec.cat\/iesdelvoltreganes\/wp-content\/uploads\/usu618\/2026\/04\/mossos-2-768x493.png 768w\" sizes=\"auto, (max-width: 838px) 100vw, 838px\" \/><\/a> <a href=\"https:\/\/agora.xtec.cat\/iesdelvoltreganes\/wp-content\/uploads\/usu618\/2026\/04\/mossos-3.png\"><img loading=\"lazy\" decoding=\"async\" class=\"size-full wp-image-7725 aligncenter\" src=\"https:\/\/agora.xtec.cat\/iesdelvoltreganes\/wp-content\/uploads\/usu618\/2026\/04\/mossos-3.png\" alt=\"\" width=\"885\" height=\"517\" srcset=\"https:\/\/agora.xtec.cat\/iesdelvoltreganes\/wp-content\/uploads\/usu618\/2026\/04\/mossos-3.png 885w, https:\/\/agora.xtec.cat\/iesdelvoltreganes\/wp-content\/uploads\/usu618\/2026\/04\/mossos-3-300x175.png 300w, https:\/\/agora.xtec.cat\/iesdelvoltreganes\/wp-content\/uploads\/usu618\/2026\/04\/mossos-3-768x449.png 768w\" sizes=\"auto, (max-width: 885px) 100vw, 885px\" \/><\/a> <a href=\"https:\/\/agora.xtec.cat\/iesdelvoltreganes\/wp-content\/uploads\/usu618\/2026\/04\/mossos.png\"><img loading=\"lazy\" decoding=\"async\" class=\"size-full wp-image-7726 aligncenter\" src=\"https:\/\/agora.xtec.cat\/iesdelvoltreganes\/wp-content\/uploads\/usu618\/2026\/04\/mossos.png\" alt=\"\" width=\"852\" height=\"625\" srcset=\"https:\/\/agora.xtec.cat\/iesdelvoltreganes\/wp-content\/uploads\/usu618\/2026\/04\/mossos.png 852w, https:\/\/agora.xtec.cat\/iesdelvoltreganes\/wp-content\/uploads\/usu618\/2026\/04\/mossos-300x220.png 300w, https:\/\/agora.xtec.cat\/iesdelvoltreganes\/wp-content\/uploads\/usu618\/2026\/04\/mossos-768x563.png 768w\" sizes=\"auto, (max-width: 852px) 100vw, 852px\" \/><\/a><\/p>\n","protected":false},"excerpt":{"rendered":"<p>El passat dijous 10 d\u2019abril es va dur a terme una xerrada sobre internet segura, impartida pels Mossos d\u2019Esquadra i adre\u00e7ada a les fam\u00edlies del centre.<br \/>\nDurant la sessi\u00f3 es van tractar aspectes clau com l\u2019\u00fas responsable de les tecnologies, la prevenci\u00f3 de riscos a la&hellip;  <a href=\"https:\/\/agora.xtec.cat\/iesdelvoltreganes\/general\/xerrada-internet-segura-impartida-pels-mossos-desquadra\/\" title=\"Read Xerrada &#8220;Internet segura&#8221; impartida pels Mossos d&#8217;Esquadra\">Llegeix m\u00e9s\u00bb<\/a><\/p>\n","protected":false},"author":55,"featured_media":0,"comment_status":"open","ping_status":"open","sticky":false,"template":"","format":"standard","meta":{"_bbp_topic_count":0,"_bbp_reply_count":0,"_bbp_total_topic_count":0,"_bbp_total_reply_count":0,"_bbp_voice_count":0,"_bbp_anonymous_reply_count":0,"_bbp_topic_count_hidden":0,"_bbp_reply_count_hidden":0,"_bbp_forum_subforum_count":0,"footnotes":""},"categories":[1,29],"tags":[],"class_list":["post-7723","post","type-post","status-publish","format-standard","hentry","category-general","category-portada"],"post_mailing_queue_ids":[],"_links":{"self":[{"href":"https:\/\/agora.xtec.cat\/iesdelvoltreganes\/wp-json\/wp\/v2\/posts\/7723","targetHints":{"allow":["GET"]}}],"collection":[{"href":"https:\/\/agora.xtec.cat\/iesdelvoltreganes\/wp-json\/wp\/v2\/posts"}],"about":[{"href":"https:\/\/agora.xtec.cat\/iesdelvoltreganes\/wp-json\/wp\/v2\/types\/post"}],"author":[{"embeddable":true,"href":"https:\/\/agora.xtec.cat\/iesdelvoltreganes\/wp-json\/wp\/v2\/users\/55"}],"replies":[{"embeddable":true,"href":"https:\/\/agora.xtec.cat\/iesdelvoltreganes\/wp-json\/wp\/v2\/comments?post=7723"}],"version-history":[{"count":1,"href":"https:\/\/agora.xtec.cat\/iesdelvoltreganes\/wp-json\/wp\/v2\/posts\/7723\/revisions"}],"predecessor-version":[{"id":7727,"href":"https:\/\/agora.xtec.cat\/iesdelvoltreganes\/wp-json\/wp\/v2\/posts\/7723\/revisions\/7727"}],"wp:attachment":[{"href":"https:\/\/agora.xtec.cat\/iesdelvoltreganes\/wp-json\/wp\/v2\/media?parent=7723"}],"wp:term":[{"taxonomy":"category","embeddable":true,"href":"https:\/\/agora.xtec.cat\/iesdelvoltreganes\/wp-json\/wp\/v2\/categories?post=7723"},{"taxonomy":"post_tag","embeddable":true,"href":"https:\/\/agora.xtec.cat\/iesdelvoltreganes\/wp-json\/wp\/v2\/tags?post=7723"}],"curies":[{"name":"wp","href":"https:\/\/api.w.org\/{rel}","templated":true}]}}