{"id":7716,"date":"2026-03-12T08:49:05","date_gmt":"2026-03-12T07:49:05","guid":{"rendered":"https:\/\/agora.xtec.cat\/iesdelvoltreganes\/?p=7716"},"modified":"2026-03-12T08:49:05","modified_gmt":"2026-03-12T07:49:05","slug":"pica-lletres-3r-deso","status":"publish","type":"post","link":"https:\/\/agora.xtec.cat\/iesdelvoltreganes\/general\/pica-lletres-3r-deso\/","title":{"rendered":"Pica lletres -3r d&#8217;ESO"},"content":{"rendered":"<p>L&#8217;alumnat de 3r d&#8217;ESO, ha participat avui en el Pica lletres, concurs que posa a prova el domini del catal\u00e0 tant lletrejant paraules com descobrint el barbarisme intr\u00fas. La posici\u00f3 en qu\u00e8 hem quedat \u00e9s un secret, haureu d&#8217;esperar que us informem del dia que s&#8217;emet el programa per descobrir -ho.<\/p>\n<p><a href=\"https:\/\/agora.xtec.cat\/iesdelvoltreganes\/wp-content\/uploads\/usu618\/2026\/03\/pica-1.png\"><img loading=\"lazy\" decoding=\"async\" class=\"size-full wp-image-7717 aligncenter\" src=\"https:\/\/agora.xtec.cat\/iesdelvoltreganes\/wp-content\/uploads\/usu618\/2026\/03\/pica-1.png\" alt=\"\" width=\"468\" height=\"481\" srcset=\"https:\/\/agora.xtec.cat\/iesdelvoltreganes\/wp-content\/uploads\/usu618\/2026\/03\/pica-1.png 468w, https:\/\/agora.xtec.cat\/iesdelvoltreganes\/wp-content\/uploads\/usu618\/2026\/03\/pica-1-292x300.png 292w\" sizes=\"auto, (max-width: 468px) 100vw, 468px\" \/><\/a> <a href=\"https:\/\/agora.xtec.cat\/iesdelvoltreganes\/wp-content\/uploads\/usu618\/2026\/03\/pica-2.png\"><img loading=\"lazy\" decoding=\"async\" class=\"size-full wp-image-7718 aligncenter\" src=\"https:\/\/agora.xtec.cat\/iesdelvoltreganes\/wp-content\/uploads\/usu618\/2026\/03\/pica-2.png\" alt=\"\" width=\"499\" height=\"420\" srcset=\"https:\/\/agora.xtec.cat\/iesdelvoltreganes\/wp-content\/uploads\/usu618\/2026\/03\/pica-2.png 499w, https:\/\/agora.xtec.cat\/iesdelvoltreganes\/wp-content\/uploads\/usu618\/2026\/03\/pica-2-300x253.png 300w\" sizes=\"auto, (max-width: 499px) 100vw, 499px\" \/><\/a> <a href=\"https:\/\/agora.xtec.cat\/iesdelvoltreganes\/wp-content\/uploads\/usu618\/2026\/03\/pica-3.png\"><img loading=\"lazy\" decoding=\"async\" class=\"size-full wp-image-7719 aligncenter\" src=\"https:\/\/agora.xtec.cat\/iesdelvoltreganes\/wp-content\/uploads\/usu618\/2026\/03\/pica-3.png\" alt=\"\" width=\"454\" height=\"480\" srcset=\"https:\/\/agora.xtec.cat\/iesdelvoltreganes\/wp-content\/uploads\/usu618\/2026\/03\/pica-3.png 454w, https:\/\/agora.xtec.cat\/iesdelvoltreganes\/wp-content\/uploads\/usu618\/2026\/03\/pica-3-284x300.png 284w\" sizes=\"auto, (max-width: 454px) 100vw, 454px\" \/><\/a><\/p>\n","protected":false},"excerpt":{"rendered":"<p>L&#8217;alumnat de 3r d&#8217;ESO, ha participat avui en el Pica lletres, concurs que posa a prova el domini del catal\u00e0 tant lletrejant paraules com descobrint el barbarisme intr\u00fas. La posici\u00f3 en qu\u00e8 hem quedat \u00e9s un secret, haureu d&#8217;esperar que us informem del dia que&hellip;  <a href=\"https:\/\/agora.xtec.cat\/iesdelvoltreganes\/general\/pica-lletres-3r-deso\/\" title=\"Read Pica lletres -3r d&#8217;ESO\">Llegeix m\u00e9s\u00bb<\/a><\/p>\n","protected":false},"author":55,"featured_media":0,"comment_status":"open","ping_status":"open","sticky":false,"template":"","format":"standard","meta":{"_bbp_topic_count":0,"_bbp_reply_count":0,"_bbp_total_topic_count":0,"_bbp_total_reply_count":0,"_bbp_voice_count":0,"_bbp_anonymous_reply_count":0,"_bbp_topic_count_hidden":0,"_bbp_reply_count_hidden":0,"_bbp_forum_subforum_count":0,"footnotes":""},"categories":[6,1,72,29],"tags":[],"class_list":["post-7716","post","type-post","status-publish","format-standard","hentry","category-eso-3","category-general","category-llengues-i-literatura","category-portada"],"post_mailing_queue_ids":[],"_links":{"self":[{"href":"https:\/\/agora.xtec.cat\/iesdelvoltreganes\/wp-json\/wp\/v2\/posts\/7716","targetHints":{"allow":["GET"]}}],"collection":[{"href":"https:\/\/agora.xtec.cat\/iesdelvoltreganes\/wp-json\/wp\/v2\/posts"}],"about":[{"href":"https:\/\/agora.xtec.cat\/iesdelvoltreganes\/wp-json\/wp\/v2\/types\/post"}],"author":[{"embeddable":true,"href":"https:\/\/agora.xtec.cat\/iesdelvoltreganes\/wp-json\/wp\/v2\/users\/55"}],"replies":[{"embeddable":true,"href":"https:\/\/agora.xtec.cat\/iesdelvoltreganes\/wp-json\/wp\/v2\/comments?post=7716"}],"version-history":[{"count":1,"href":"https:\/\/agora.xtec.cat\/iesdelvoltreganes\/wp-json\/wp\/v2\/posts\/7716\/revisions"}],"predecessor-version":[{"id":7720,"href":"https:\/\/agora.xtec.cat\/iesdelvoltreganes\/wp-json\/wp\/v2\/posts\/7716\/revisions\/7720"}],"wp:attachment":[{"href":"https:\/\/agora.xtec.cat\/iesdelvoltreganes\/wp-json\/wp\/v2\/media?parent=7716"}],"wp:term":[{"taxonomy":"category","embeddable":true,"href":"https:\/\/agora.xtec.cat\/iesdelvoltreganes\/wp-json\/wp\/v2\/categories?post=7716"},{"taxonomy":"post_tag","embeddable":true,"href":"https:\/\/agora.xtec.cat\/iesdelvoltreganes\/wp-json\/wp\/v2\/tags?post=7716"}],"curies":[{"name":"wp","href":"https:\/\/api.w.org\/{rel}","templated":true}]}}