{"id":7667,"date":"2026-03-03T13:12:59","date_gmt":"2026-03-03T12:12:59","guid":{"rendered":"https:\/\/agora.xtec.cat\/iesdelvoltreganes\/?p=7667"},"modified":"2026-03-03T13:13:17","modified_gmt":"2026-03-03T12:13:17","slug":"intercanvi-de-llengua-alemanya-amb-institut-max-planck-de-bielefeld","status":"publish","type":"post","link":"https:\/\/agora.xtec.cat\/iesdelvoltreganes\/general\/intercanvi-de-llengua-alemanya-amb-institut-max-planck-de-bielefeld\/","title":{"rendered":"Intercanvi de llengua alemanya amb institut Max Planck de Bielefeld"},"content":{"rendered":"<p><span style=\"font-weight: 400;\">Ja hem finalitzat la primera part de l\u2019intercanvi de l\u2019assignatura de llengua alemanya amb el Max Planck Gymnasium de Bielefeld (Alemanya). Aquest any hem rebut 15 alumnes de 16 i 17 anys que durant una setmana han visitat Girona, Barcelona, Vic i han treballat conjuntament amb el nostre alumnat un projecte que els ha dut a visitar el Club Pat\u00ed Voltreg\u00e0 i a fer un programa de r\u00e0dio a R\u00e0dio Voltreg\u00e0. Una setmana que, a m\u00e9s de posar a prova l\u2019idioma que aprenem a l\u2019aula, ha servit per con\u00e8ixer companys i companyes d\u2019un altre indret i compartir amb ells moltes coses.<\/span><\/p>\n<p><span style=\"font-weight: 400;\">El proper 5 de maig els visitarem nosaltres a Bielefeld on, a m\u00e9s de con\u00e8ixer el seu institut, realitzarem visites a M\u00fcnster, Detmold i el barri de Bethel dins la ciutat de Bielefeld.<\/span><\/p>\n<p><a href=\"https:\/\/agora.xtec.cat\/iesdelvoltreganes\/wp-content\/uploads\/usu618\/2026\/03\/inter-2.png\"><img loading=\"lazy\" decoding=\"async\" class=\"size-full wp-image-7668 aligncenter\" src=\"https:\/\/agora.xtec.cat\/iesdelvoltreganes\/wp-content\/uploads\/usu618\/2026\/03\/inter-2.png\" alt=\"\" width=\"847\" height=\"489\" srcset=\"https:\/\/agora.xtec.cat\/iesdelvoltreganes\/wp-content\/uploads\/usu618\/2026\/03\/inter-2.png 847w, https:\/\/agora.xtec.cat\/iesdelvoltreganes\/wp-content\/uploads\/usu618\/2026\/03\/inter-2-300x173.png 300w, https:\/\/agora.xtec.cat\/iesdelvoltreganes\/wp-content\/uploads\/usu618\/2026\/03\/inter-2-768x443.png 768w\" sizes=\"auto, (max-width: 847px) 100vw, 847px\" \/><\/a> <a href=\"https:\/\/agora.xtec.cat\/iesdelvoltreganes\/wp-content\/uploads\/usu618\/2026\/03\/inter-3.png\"><img loading=\"lazy\" decoding=\"async\" class=\"size-full wp-image-7669 aligncenter\" src=\"https:\/\/agora.xtec.cat\/iesdelvoltreganes\/wp-content\/uploads\/usu618\/2026\/03\/inter-3.png\" alt=\"\" width=\"481\" height=\"522\" srcset=\"https:\/\/agora.xtec.cat\/iesdelvoltreganes\/wp-content\/uploads\/usu618\/2026\/03\/inter-3.png 481w, https:\/\/agora.xtec.cat\/iesdelvoltreganes\/wp-content\/uploads\/usu618\/2026\/03\/inter-3-276x300.png 276w\" sizes=\"auto, (max-width: 481px) 100vw, 481px\" \/><\/a> <a href=\"https:\/\/agora.xtec.cat\/iesdelvoltreganes\/wp-content\/uploads\/usu618\/2026\/03\/inter1.png\"><img loading=\"lazy\" decoding=\"async\" class=\"size-full wp-image-7670 aligncenter\" src=\"https:\/\/agora.xtec.cat\/iesdelvoltreganes\/wp-content\/uploads\/usu618\/2026\/03\/inter1.png\" alt=\"\" width=\"859\" height=\"448\" srcset=\"https:\/\/agora.xtec.cat\/iesdelvoltreganes\/wp-content\/uploads\/usu618\/2026\/03\/inter1.png 859w, https:\/\/agora.xtec.cat\/iesdelvoltreganes\/wp-content\/uploads\/usu618\/2026\/03\/inter1-300x156.png 300w, https:\/\/agora.xtec.cat\/iesdelvoltreganes\/wp-content\/uploads\/usu618\/2026\/03\/inter1-768x401.png 768w\" sizes=\"auto, (max-width: 859px) 100vw, 859px\" \/><\/a><\/p>\n","protected":false},"excerpt":{"rendered":"<p>Ja hem finalitzat la primera part de l\u2019intercanvi de l\u2019assignatura de llengua alemanya amb el Max Planck Gymnasium de Bielefeld (Alemanya). Aquest any hem rebut 15 alumnes de 16 i 17 anys que durant una setmana han visitat Girona, Barcelona, Vic i han treballat conjuntament&hellip;  <a href=\"https:\/\/agora.xtec.cat\/iesdelvoltreganes\/general\/intercanvi-de-llengua-alemanya-amb-institut-max-planck-de-bielefeld\/\" title=\"Read Intercanvi de llengua alemanya amb institut Max Planck de Bielefeld\">Llegeix m\u00e9s\u00bb<\/a><\/p>\n","protected":false},"author":55,"featured_media":0,"comment_status":"open","ping_status":"open","sticky":false,"template":"","format":"standard","meta":{"_bbp_topic_count":0,"_bbp_reply_count":0,"_bbp_total_topic_count":0,"_bbp_total_reply_count":0,"_bbp_voice_count":0,"_bbp_anonymous_reply_count":0,"_bbp_topic_count_hidden":0,"_bbp_reply_count_hidden":0,"_bbp_forum_subforum_count":0,"footnotes":""},"categories":[8,1,72,29],"tags":[],"class_list":["post-7667","post","type-post","status-publish","format-standard","hentry","category-batxillerat","category-general","category-llengues-i-literatura","category-portada"],"post_mailing_queue_ids":[],"_links":{"self":[{"href":"https:\/\/agora.xtec.cat\/iesdelvoltreganes\/wp-json\/wp\/v2\/posts\/7667","targetHints":{"allow":["GET"]}}],"collection":[{"href":"https:\/\/agora.xtec.cat\/iesdelvoltreganes\/wp-json\/wp\/v2\/posts"}],"about":[{"href":"https:\/\/agora.xtec.cat\/iesdelvoltreganes\/wp-json\/wp\/v2\/types\/post"}],"author":[{"embeddable":true,"href":"https:\/\/agora.xtec.cat\/iesdelvoltreganes\/wp-json\/wp\/v2\/users\/55"}],"replies":[{"embeddable":true,"href":"https:\/\/agora.xtec.cat\/iesdelvoltreganes\/wp-json\/wp\/v2\/comments?post=7667"}],"version-history":[{"count":1,"href":"https:\/\/agora.xtec.cat\/iesdelvoltreganes\/wp-json\/wp\/v2\/posts\/7667\/revisions"}],"predecessor-version":[{"id":7671,"href":"https:\/\/agora.xtec.cat\/iesdelvoltreganes\/wp-json\/wp\/v2\/posts\/7667\/revisions\/7671"}],"wp:attachment":[{"href":"https:\/\/agora.xtec.cat\/iesdelvoltreganes\/wp-json\/wp\/v2\/media?parent=7667"}],"wp:term":[{"taxonomy":"category","embeddable":true,"href":"https:\/\/agora.xtec.cat\/iesdelvoltreganes\/wp-json\/wp\/v2\/categories?post=7667"},{"taxonomy":"post_tag","embeddable":true,"href":"https:\/\/agora.xtec.cat\/iesdelvoltreganes\/wp-json\/wp\/v2\/tags?post=7667"}],"curies":[{"name":"wp","href":"https:\/\/api.w.org\/{rel}","templated":true}]}}