{"id":7661,"date":"2026-03-03T13:06:27","date_gmt":"2026-03-03T12:06:27","guid":{"rendered":"https:\/\/agora.xtec.cat\/iesdelvoltreganes\/?p=7661"},"modified":"2026-04-23T10:19:18","modified_gmt":"2026-04-23T08:19:18","slug":"preinscripcio-curs-2026-2027","status":"publish","type":"post","link":"https:\/\/agora.xtec.cat\/iesdelvoltreganes\/general\/preinscripcio-curs-2026-2027\/","title":{"rendered":"Preinscripci\u00f3 curs 2026-2027"},"content":{"rendered":"<div style=\"text-align: center;\"><b>PREINSCRIPCI\u00d3\u00a0ESO CURS 2026-2027<\/b><\/div>\n<div><\/div>\n<ul>\n<li>Podeu clicar l&#8217;enlla\u00e7 que veureu a continuaci\u00f3 per accedir al pdf on hi ha tota la informaci\u00f3 per fer la preinscripci\u00f3 pel curs vinent:<strong> <a href=\"https:\/\/drive.google.com\/file\/d\/1N4J0omUhncj3x5bYNoRusggzcmtE9I37\/view?usp=sharing\">Informaci\u00f3 fam\u00edlies\u00a0preinscripci\u00f3<\/a><\/strong><\/li>\n<li>Al seg\u00fcent enlla\u00e7 podeu veure l&#8217;oferta inicial de places pel curs vinent: <strong><a href=\"https:\/\/drive.google.com\/file\/d\/1gxMCX0SQ2aLlqXr2aUg4Hl_bPtf2iTUp\/view?usp=sharing\">Oferta inicial<\/a><\/strong><\/li>\n<li>En aquest \u00faltim enlla\u00e7 podeu llegir informaci\u00f3 respecte la preinscripci\u00f3 a l&#8217;ESO a la p\u00e0gina oficial del departament d&#8217;educaci\u00f3: <strong><a href=\"https:\/\/preinscripcio.gencat.cat\/ca\/estudis\/eso\/inici\/\" target=\"_blank\" rel=\"noopener\" data-saferedirecturl=\"https:\/\/www.google.com\/url?q=https:\/\/preinscripcio.gencat.cat\/ca\/estudis\/eso\/inici\/&amp;source=gmail&amp;ust=1772613868001000&amp;usg=AOvVaw058ePCiNbj77g9jBqDWCYd\">Sol\u00b7licitud<\/a><\/strong><\/li>\n<li>Al seg\u00fcent enlla\u00e7 podeu veure la llista de sol\u00b7licituds provisional que han demanat el centre:\u00a0<strong><a href=\"https:\/\/drive.google.com\/file\/d\/1jx-maxVGALVa65ZW9gSGZfOOsoG6JKpe\/view?usp=sharing\">Llista de sol\u00b7licituds<\/a><\/strong><\/li>\n<li>Al clicar al seg\u00fcent enlla\u00e7, podeu accedir a la publicaci\u00f3 de la llista de sol\u00b7licituds definitiva que han demanat el centre i l&#8217;ensenyament: <strong><a href=\"https:\/\/drive.google.com\/file\/d\/1c1B1LpKCk8fOWKpZbyz19xXNbKUPCzJ9\/view?usp=sharing\">Llistat de sol\u00b7licituds<\/a><\/strong><\/li>\n<\/ul>\n","protected":false},"excerpt":{"rendered":"<p>PREINSCRIPCI\u00d3\u00a0ESO CURS 2026-2027<\/p>\n<ul>\n<li>Podeu clicar l&#8217;enlla\u00e7 que veureu a continuaci\u00f3 per accedir al pdf on hi ha tota la informaci\u00f3 per fer la preinscripci\u00f3 pel curs vinent: <a href=\"https:\/\/drive.google.com\/file\/d\/1N4J0omUhncj3x5bYNoRusggzcmtE9I37\/view?usp=sharing\">Informaci\u00f3 fam\u00edlies\u00a0preinscripci\u00f3<\/a><\/li>\n<li>Al seg\u00fcent enlla\u00e7 podeu veure l&#8217;oferta inicial de places pel curs vinent: <a href=\"https:\/\/drive.google.com\/file\/d\/1gxMCX0SQ2aLlqXr2aUg4Hl_bPtf2iTUp\/view?usp=sharing\">Oferta inicial<\/a><\/li>\n<li>En aquest \u00faltim&hellip;  <a href=\"https:\/\/agora.xtec.cat\/iesdelvoltreganes\/general\/preinscripcio-curs-2026-2027\/\" title=\"Read Preinscripci\u00f3 curs 2026-2027\">Llegeix m\u00e9s\u00bb<\/a><br \/>\n","protected":false},"author":55,"featured_media":0,"comment_status":"open","ping_status":"open","sticky":true,"template":"","format":"standard","meta":{"_bbp_topic_count":0,"_bbp_reply_count":0,"_bbp_total_topic_count":0,"_bbp_total_reply_count":0,"_bbp_voice_count":0,"_bbp_anonymous_reply_count":0,"_bbp_topic_count_hidden":0,"_bbp_reply_count_hidden":0,"_bbp_forum_subforum_count":0,"footnotes":""},"categories":[1,29],"tags":[],"class_list":["post-7661","post","type-post","status-publish","format-standard","hentry","category-general","category-portada"],"post_mailing_queue_ids":[],"_links":{"self":[{"href":"https:\/\/agora.xtec.cat\/iesdelvoltreganes\/wp-json\/wp\/v2\/posts\/7661","targetHints":{"allow":["GET"]}}],"collection":[{"href":"https:\/\/agora.xtec.cat\/iesdelvoltreganes\/wp-json\/wp\/v2\/posts"}],"about":[{"href":"https:\/\/agora.xtec.cat\/iesdelvoltreganes\/wp-json\/wp\/v2\/types\/post"}],"author":[{"embeddable":true,"href":"https:\/\/agora.xtec.cat\/iesdelvoltreganes\/wp-json\/wp\/v2\/users\/55"}],"replies":[{"embeddable":true,"href":"https:\/\/agora.xtec.cat\/iesdelvoltreganes\/wp-json\/wp\/v2\/comments?post=7661"}],"version-history":[{"count":6,"href":"https:\/\/agora.xtec.cat\/iesdelvoltreganes\/wp-json\/wp\/v2\/posts\/7661\/revisions"}],"predecessor-version":[{"id":7759,"href":"https:\/\/agora.xtec.cat\/iesdelvoltreganes\/wp-json\/wp\/v2\/posts\/7661\/revisions\/7759"}],"wp:attachment":[{"href":"https:\/\/agora.xtec.cat\/iesdelvoltreganes\/wp-json\/wp\/v2\/media?parent=7661"}],"wp:term":[{"taxonomy":"category","embeddable":true,"href":"https:\/\/agora.xtec.cat\/iesdelvoltreganes\/wp-json\/wp\/v2\/categories?post=7661"},{"taxonomy":"post_tag","embeddable":true,"href":"https:\/\/agora.xtec.cat\/iesdelvoltreganes\/wp-json\/wp\/v2\/tags?post=7661"}],"curies":[{"name":"wp","href":"https:\/\/api.w.org\/{rel}","templated":true}]}}