{"id":7552,"date":"2026-02-27T13:40:57","date_gmt":"2026-02-27T12:40:57","guid":{"rendered":"https:\/\/agora.xtec.cat\/iesdelvoltreganes\/?p=7552"},"modified":"2026-02-27T13:40:57","modified_gmt":"2026-02-27T12:40:57","slug":"presentacio-portes-obertes-2026","status":"publish","type":"post","link":"https:\/\/agora.xtec.cat\/iesdelvoltreganes\/general\/presentacio-portes-obertes-2026\/","title":{"rendered":"Presentaci\u00f3 portes obertes 2026"},"content":{"rendered":"<p>A continuaci\u00f3, l&#8217;enlla\u00e7 per accedir a la presentaci\u00f3 de les jornades de portes obertes.<\/p>\n<p style=\"text-align: center;\"><a href=\"https:\/\/drive.google.com\/file\/d\/1-rW57tD0bfrU3I7dCdk4VBWyjR2c7cdr\/view?usp=sharing\">ENLLA\u00c7 AL DRIVE<\/a><\/p>\n","protected":false},"excerpt":{"rendered":"<p>A continuaci\u00f3, l&#8217;enlla\u00e7 per accedir a la presentaci\u00f3 de les jornades de portes obertes.<br \/>\n<a href=\"https:\/\/drive.google.com\/file\/d\/1-rW57tD0bfrU3I7dCdk4VBWyjR2c7cdr\/view?usp=sharing\">ENLLA\u00c7 AL DRIVE<\/a><\/p>\n","protected":false},"author":55,"featured_media":0,"comment_status":"open","ping_status":"open","sticky":false,"template":"","format":"standard","meta":{"_bbp_topic_count":0,"_bbp_reply_count":0,"_bbp_total_topic_count":0,"_bbp_total_reply_count":0,"_bbp_voice_count":0,"_bbp_anonymous_reply_count":0,"_bbp_topic_count_hidden":0,"_bbp_reply_count_hidden":0,"_bbp_forum_subforum_count":0,"footnotes":""},"categories":[1,29],"tags":[],"class_list":["post-7552","post","type-post","status-publish","format-standard","hentry","category-general","category-portada"],"post_mailing_queue_ids":[],"_links":{"self":[{"href":"https:\/\/agora.xtec.cat\/iesdelvoltreganes\/wp-json\/wp\/v2\/posts\/7552","targetHints":{"allow":["GET"]}}],"collection":[{"href":"https:\/\/agora.xtec.cat\/iesdelvoltreganes\/wp-json\/wp\/v2\/posts"}],"about":[{"href":"https:\/\/agora.xtec.cat\/iesdelvoltreganes\/wp-json\/wp\/v2\/types\/post"}],"author":[{"embeddable":true,"href":"https:\/\/agora.xtec.cat\/iesdelvoltreganes\/wp-json\/wp\/v2\/users\/55"}],"replies":[{"embeddable":true,"href":"https:\/\/agora.xtec.cat\/iesdelvoltreganes\/wp-json\/wp\/v2\/comments?post=7552"}],"version-history":[{"count":1,"href":"https:\/\/agora.xtec.cat\/iesdelvoltreganes\/wp-json\/wp\/v2\/posts\/7552\/revisions"}],"predecessor-version":[{"id":7553,"href":"https:\/\/agora.xtec.cat\/iesdelvoltreganes\/wp-json\/wp\/v2\/posts\/7552\/revisions\/7553"}],"wp:attachment":[{"href":"https:\/\/agora.xtec.cat\/iesdelvoltreganes\/wp-json\/wp\/v2\/media?parent=7552"}],"wp:term":[{"taxonomy":"category","embeddable":true,"href":"https:\/\/agora.xtec.cat\/iesdelvoltreganes\/wp-json\/wp\/v2\/categories?post=7552"},{"taxonomy":"post_tag","embeddable":true,"href":"https:\/\/agora.xtec.cat\/iesdelvoltreganes\/wp-json\/wp\/v2\/tags?post=7552"}],"curies":[{"name":"wp","href":"https:\/\/api.w.org\/{rel}","templated":true}]}}