{"id":7512,"date":"2026-02-05T10:14:36","date_gmt":"2026-02-05T09:14:36","guid":{"rendered":"https:\/\/agora.xtec.cat\/iesdelvoltreganes\/?p=7512"},"modified":"2026-02-07T12:07:06","modified_gmt":"2026-02-07T11:07:06","slug":"taller-poetic-3r-deso","status":"publish","type":"post","link":"https:\/\/agora.xtec.cat\/iesdelvoltreganes\/general\/taller-poetic-3r-deso\/","title":{"rendered":"Taller po\u00e8tic &#8211; 3r d&#8217;ESO"},"content":{"rendered":"<p><span style=\"font-weight: 400;\">L\u2019alumnat de 3r d\u2019ESO ha tingut l\u2019oportunitat d\u2019endinsar-se en el m\u00f3n de la poesia mitjan\u00e7ant un taller din\u00e0mic i participatiu. A trav\u00e9s de diferents activitats creatives, els alumnes han apr\u00e8s i practicat el proc\u00e9s de creaci\u00f3 po\u00e8tica, des de la generaci\u00f3 d\u2019idees fins a l\u2019elaboraci\u00f3 i revisi\u00f3 dels seus propis textos.<\/span><\/p>\n<p><span style=\"font-weight: 400;\">El taller ha fomentat l\u2019expressi\u00f3 personal, la sensibilitat liter\u00e0ria i el gust per la paraula, tot afavorint un clima de confian\u00e7a i respecte per la diversitat de veus i estils. Mitjan\u00e7ant jocs ling\u00fc\u00edstics, exercicis d\u2019escriptura guiada i moments de lectura compartida, l\u2019alumnat ha pogut experimentar amb el llenguatge po\u00e8tic d\u2019una manera propera i motivadora.<\/span><\/p>\n<p><span style=\"font-weight: 400;\">Aquesta experi\u00e8ncia ha contribu\u00eft a desenvolupar la creativitat, la capacitat comunicativa i el pensament cr\u00edtic dels estudiants, alhora que els ha perm\u00e8s descobrir la poesia com una eina per expressar emocions, idees i viv\u00e8ncies personals. D\u2019aquesta manera, el taller s\u2019ha convertit en un espai d\u2019aprenentatge significatiu i enriquidor dins l\u2019\u00e0rea de Llengua i Literatura.<\/span><\/p>\n<p><a href=\"https:\/\/agora.xtec.cat\/iesdelvoltreganes\/wp-content\/uploads\/usu618\/2026\/02\/poe-3.png\"><img loading=\"lazy\" decoding=\"async\" class=\"size-full wp-image-7514 aligncenter\" src=\"https:\/\/agora.xtec.cat\/iesdelvoltreganes\/wp-content\/uploads\/usu618\/2026\/02\/poe-3.png\" alt=\"\" width=\"391\" height=\"499\" srcset=\"https:\/\/agora.xtec.cat\/iesdelvoltreganes\/wp-content\/uploads\/usu618\/2026\/02\/poe-3.png 391w, https:\/\/agora.xtec.cat\/iesdelvoltreganes\/wp-content\/uploads\/usu618\/2026\/02\/poe-3-235x300.png 235w\" sizes=\"auto, (max-width: 391px) 100vw, 391px\" \/><\/a> <a href=\"https:\/\/agora.xtec.cat\/iesdelvoltreganes\/wp-content\/uploads\/usu618\/2026\/02\/poe-4.png\"><img loading=\"lazy\" decoding=\"async\" class=\"size-full wp-image-7515 aligncenter\" src=\"https:\/\/agora.xtec.cat\/iesdelvoltreganes\/wp-content\/uploads\/usu618\/2026\/02\/poe-4.png\" alt=\"\" width=\"826\" height=\"523\" srcset=\"https:\/\/agora.xtec.cat\/iesdelvoltreganes\/wp-content\/uploads\/usu618\/2026\/02\/poe-4.png 826w, https:\/\/agora.xtec.cat\/iesdelvoltreganes\/wp-content\/uploads\/usu618\/2026\/02\/poe-4-300x190.png 300w, https:\/\/agora.xtec.cat\/iesdelvoltreganes\/wp-content\/uploads\/usu618\/2026\/02\/poe-4-768x486.png 768w\" sizes=\"auto, (max-width: 826px) 100vw, 826px\" \/><\/a> <a href=\"https:\/\/agora.xtec.cat\/iesdelvoltreganes\/wp-content\/uploads\/usu618\/2026\/02\/poe1.png\"><img loading=\"lazy\" decoding=\"async\" class=\"size-full wp-image-7517 aligncenter\" src=\"https:\/\/agora.xtec.cat\/iesdelvoltreganes\/wp-content\/uploads\/usu618\/2026\/02\/poe1.png\" alt=\"\" width=\"909\" height=\"700\" srcset=\"https:\/\/agora.xtec.cat\/iesdelvoltreganes\/wp-content\/uploads\/usu618\/2026\/02\/poe1.png 909w, https:\/\/agora.xtec.cat\/iesdelvoltreganes\/wp-content\/uploads\/usu618\/2026\/02\/poe1-300x231.png 300w, https:\/\/agora.xtec.cat\/iesdelvoltreganes\/wp-content\/uploads\/usu618\/2026\/02\/poe1-768x591.png 768w\" sizes=\"auto, (max-width: 909px) 100vw, 909px\" \/><\/a><\/p>\n","protected":false},"excerpt":{"rendered":"<p>L\u2019alumnat de 3r d\u2019ESO ha tingut l\u2019oportunitat d\u2019endinsar-se en el m\u00f3n de la poesia mitjan\u00e7ant un taller din\u00e0mic i participatiu. A trav\u00e9s de diferents activitats creatives, els alumnes han apr\u00e8s i practicat el proc\u00e9s de creaci\u00f3 po\u00e8tica, des de la generaci\u00f3 d\u2019idees fins a l\u2019elaboraci\u00f3&hellip;  <a href=\"https:\/\/agora.xtec.cat\/iesdelvoltreganes\/general\/taller-poetic-3r-deso\/\" title=\"Read Taller po\u00e8tic &#8211; 3r d&#8217;ESO\">Llegeix m\u00e9s\u00bb<\/a><\/p>\n","protected":false},"author":55,"featured_media":0,"comment_status":"open","ping_status":"open","sticky":false,"template":"","format":"standard","meta":{"_bbp_topic_count":0,"_bbp_reply_count":0,"_bbp_total_topic_count":0,"_bbp_total_reply_count":0,"_bbp_voice_count":0,"_bbp_anonymous_reply_count":0,"_bbp_topic_count_hidden":0,"_bbp_reply_count_hidden":0,"_bbp_forum_subforum_count":0,"footnotes":""},"categories":[6,1,72,29],"tags":[],"class_list":["post-7512","post","type-post","status-publish","format-standard","hentry","category-eso-3","category-general","category-llengues-i-literatura","category-portada"],"post_mailing_queue_ids":[],"_links":{"self":[{"href":"https:\/\/agora.xtec.cat\/iesdelvoltreganes\/wp-json\/wp\/v2\/posts\/7512","targetHints":{"allow":["GET"]}}],"collection":[{"href":"https:\/\/agora.xtec.cat\/iesdelvoltreganes\/wp-json\/wp\/v2\/posts"}],"about":[{"href":"https:\/\/agora.xtec.cat\/iesdelvoltreganes\/wp-json\/wp\/v2\/types\/post"}],"author":[{"embeddable":true,"href":"https:\/\/agora.xtec.cat\/iesdelvoltreganes\/wp-json\/wp\/v2\/users\/55"}],"replies":[{"embeddable":true,"href":"https:\/\/agora.xtec.cat\/iesdelvoltreganes\/wp-json\/wp\/v2\/comments?post=7512"}],"version-history":[{"count":2,"href":"https:\/\/agora.xtec.cat\/iesdelvoltreganes\/wp-json\/wp\/v2\/posts\/7512\/revisions"}],"predecessor-version":[{"id":7523,"href":"https:\/\/agora.xtec.cat\/iesdelvoltreganes\/wp-json\/wp\/v2\/posts\/7512\/revisions\/7523"}],"wp:attachment":[{"href":"https:\/\/agora.xtec.cat\/iesdelvoltreganes\/wp-json\/wp\/v2\/media?parent=7512"}],"wp:term":[{"taxonomy":"category","embeddable":true,"href":"https:\/\/agora.xtec.cat\/iesdelvoltreganes\/wp-json\/wp\/v2\/categories?post=7512"},{"taxonomy":"post_tag","embeddable":true,"href":"https:\/\/agora.xtec.cat\/iesdelvoltreganes\/wp-json\/wp\/v2\/tags?post=7512"}],"curies":[{"name":"wp","href":"https:\/\/api.w.org\/{rel}","templated":true}]}}