{"id":750,"date":"2015-12-12T21:09:04","date_gmt":"2015-12-12T20:09:04","guid":{"rendered":"http:\/\/agora.xtec.cat\/iesdelvoltreganes\/?p=750"},"modified":"2019-09-01T18:55:06","modified_gmt":"2019-09-01T16:55:06","slug":"henry-roth","status":"publish","type":"post","link":"https:\/\/agora.xtec.cat\/iesdelvoltreganes\/llibres-recomanats\/henry-roth\/","title":{"rendered":"Henry Roth"},"content":{"rendered":"<p>Henry Roth<br \/>\n<em><em>Digueu-ne son<\/em><\/em><br \/>\nEl Gall Editor<\/p>\n<p><a href=\"http:\/\/agora.xtec.cat\/iesdelvoltreganes\/wp-content\/uploads\/usu618\/2015\/12\/digueuneson1.jpg\"><img loading=\"lazy\" decoding=\"async\" class=\"alignnone wp-image-751\" src=\"http:\/\/agora.xtec.cat\/iesdelvoltreganes\/wp-content\/uploads\/usu618\/2015\/12\/digueuneson1.jpg\" alt=\"digueuneson1\" width=\"195\" height=\"293\" srcset=\"https:\/\/agora.xtec.cat\/iesdelvoltreganes\/wp-content\/uploads\/usu618\/2015\/12\/digueuneson1.jpg 288w, https:\/\/agora.xtec.cat\/iesdelvoltreganes\/wp-content\/uploads\/usu618\/2015\/12\/digueuneson1-200x300.jpg 200w\" sizes=\"auto, (max-width: 195px) 100vw, 195px\" \/><\/a><\/p>\n<p>Henry Roth (Tysmenitz, Galitzia, 1906 &#8211; Alburquerque, 1995), novel\u00b7lista nord-americ\u00e0 d&#8217;origen jueu, va escriure <em>Digueu-ne son <\/em>quan tenia vint-i-pocs anys. Com que la novel\u00b7la no va tenir \u00e8xit va deixar d&#8217;escriure i es va dedicar a fer tota mena de feines: de llauner, de professor de matem\u00e0tiques, d&#8217;infermer en un psiqui\u00e0tric o de cuidador d&#8217;\u00e0necs. Trenta anys m\u00e9s tard de la publicaci\u00f3 de la novel\u00b7la es va reeditar i finalment va ser reconeguda. Ara \u00e9s considerada una de les grans novel\u00b7les americanes del segle XX.<\/p>\n<p><em>Digueu-ne son<\/em> parla de la vida d&#8217;una fam\u00edlia jueva acabada d&#8217;arribar a Nova York als anys trenta. A partir dels ulls d&#8217;un nen, fa un retrat de la immigraci\u00f3, de les relacions familiars, de la por al pare, de l&#8217;amor a la mare, de la religi\u00f3, dels negocis, dels amics i dels ve\u00efns. Els di\u00e0legs i l&#8217;ambientaci\u00f3 s\u00f3n formidables. \u00c9s d&#8217;aquells llibres que els comences i hi quedes enganxada.<\/p>\n<p>El que m\u00e9s m&#8217;ha impressionat de Henry Roth \u00e9s que quan tenia vuitanta i tants anys va tornar a escriure. Va escriure les quatre novel\u00b7les autobiogr\u00e0fiques que formen la tetralogia anomenada <em>A merced de una corriente salvaje,\u00a0 <\/em>quatre volums tradu\u00efts al castell\u00e0 per Alfaguara: <em>Una estrella brilla sobre Mount Morris Park <\/em>(1999), <em>Un trampol\u00edn de piedra sobre el Hudson<\/em> (2000), <em>Redenci\u00f3n<\/em> (2002) i <em>R\u00e9quiem por Harlem<\/em> (2002). Les recomano totes quatre.<\/p>\n<p>Empar Barcons<\/p>\n","protected":false},"excerpt":{"rendered":"<p>Henry Roth<br \/>\nDigueu-ne son<br \/>\nEl Gall Editor<br \/>\n<a href=\"http:\/\/agora.xtec.cat\/iesdelvoltreganes\/wp-content\/uploads\/usu618\/2015\/12\/digueuneson1.jpg\"><\/a><br \/>\nHenry Roth (Tysmenitz, Galitzia, 1906 &#8211; Alburquerque, 1995), novel\u00b7lista nord-americ\u00e0 d&#8217;origen jueu, va escriure Digueu-ne son quan tenia vint-i-pocs anys. Com que la novel\u00b7la no va tenir \u00e8xit va deixar d&#8217;escriure i es va dedicar a fer tota mena de&hellip;  <a href=\"https:\/\/agora.xtec.cat\/iesdelvoltreganes\/llibres-recomanats\/henry-roth\/\" title=\"Read Henry Roth\">Llegeix m\u00e9s\u00bb<\/a><\/p>\n","protected":false},"author":6,"featured_media":0,"comment_status":"open","ping_status":"closed","sticky":false,"template":"","format":"standard","meta":{"_bbp_topic_count":0,"_bbp_reply_count":0,"_bbp_total_topic_count":0,"_bbp_total_reply_count":0,"_bbp_voice_count":0,"_bbp_anonymous_reply_count":0,"_bbp_topic_count_hidden":0,"_bbp_reply_count_hidden":0,"_bbp_forum_subforum_count":0,"footnotes":""},"categories":[81],"tags":[82],"class_list":["post-750","post","type-post","status-publish","format-standard","hentry","category-llibres-recomanats","tag-llibres"],"post_mailing_queue_ids":[],"_links":{"self":[{"href":"https:\/\/agora.xtec.cat\/iesdelvoltreganes\/wp-json\/wp\/v2\/posts\/750","targetHints":{"allow":["GET"]}}],"collection":[{"href":"https:\/\/agora.xtec.cat\/iesdelvoltreganes\/wp-json\/wp\/v2\/posts"}],"about":[{"href":"https:\/\/agora.xtec.cat\/iesdelvoltreganes\/wp-json\/wp\/v2\/types\/post"}],"author":[{"embeddable":true,"href":"https:\/\/agora.xtec.cat\/iesdelvoltreganes\/wp-json\/wp\/v2\/users\/6"}],"replies":[{"embeddable":true,"href":"https:\/\/agora.xtec.cat\/iesdelvoltreganes\/wp-json\/wp\/v2\/comments?post=750"}],"version-history":[{"count":4,"href":"https:\/\/agora.xtec.cat\/iesdelvoltreganes\/wp-json\/wp\/v2\/posts\/750\/revisions"}],"predecessor-version":[{"id":4019,"href":"https:\/\/agora.xtec.cat\/iesdelvoltreganes\/wp-json\/wp\/v2\/posts\/750\/revisions\/4019"}],"wp:attachment":[{"href":"https:\/\/agora.xtec.cat\/iesdelvoltreganes\/wp-json\/wp\/v2\/media?parent=750"}],"wp:term":[{"taxonomy":"category","embeddable":true,"href":"https:\/\/agora.xtec.cat\/iesdelvoltreganes\/wp-json\/wp\/v2\/categories?post=750"},{"taxonomy":"post_tag","embeddable":true,"href":"https:\/\/agora.xtec.cat\/iesdelvoltreganes\/wp-json\/wp\/v2\/tags?post=750"}],"curies":[{"name":"wp","href":"https:\/\/api.w.org\/{rel}","templated":true}]}}