{"id":7490,"date":"2026-01-29T10:36:20","date_gmt":"2026-01-29T09:36:20","guid":{"rendered":"https:\/\/agora.xtec.cat\/iesdelvoltreganes\/?p=7490"},"modified":"2026-01-29T10:36:20","modified_gmt":"2026-01-29T09:36:20","slug":"copa-cangur-1r-4t-deso-25-26","status":"publish","type":"post","link":"https:\/\/agora.xtec.cat\/iesdelvoltreganes\/general\/copa-cangur-1r-4t-deso-25-26\/","title":{"rendered":"COPA CANGUR 1r &#8211; 4t D&#8217;ESO &#8211; 25\/26"},"content":{"rendered":"<p><span style=\"font-family: inherit; font-size: 1em;\">La <\/span><span style=\"font-family: inherit; font-size: 1em;\">Copa Cangur<\/span><span style=\"font-family: inherit; font-size: 1em;\"> \u00e9s una competici\u00f3 matem\u00e0tica adre\u00e7ada a l\u2019alumnat d\u2019<\/span><span style=\"font-family: inherit; font-size: 1em;\">Educaci\u00f3 Secund\u00e0ria Obligat\u00f2ria (ESO)<\/span><span style=\"font-family: inherit; font-size: 1em;\"> que t\u00e9 com a objectiu fomentar el raonament l\u00f2gic, el pensament cr\u00edtic i el treball en equip en un context educatiu i motivador.<br \/>\n<\/span><\/p>\n<p>Com cada any, alumnes del nostre institut han participat activament en la competici\u00f3, formant equips que han afrontat amb entusiasme i comprom\u00eds els reptes proposats. La prova s\u2019ha desenvolupat en format col\u00b7laboratiu, amb la resoluci\u00f3 de problemes matem\u00e0tics de dificultat progressiva en un temps determinat.<\/p>\n<p data-start=\"759\" data-end=\"969\">Les activitats plantejades han perm\u00e8s a l\u2019alumnat posar en pr\u00e0ctica estrat\u00e8gies de raonament, capacitat d\u2019an\u00e0lisi i cooperaci\u00f3, tot afavorint una visi\u00f3 positiva de les matem\u00e0tiques m\u00e9s enll\u00e0 del c\u00e0lcul mec\u00e0nic.<\/p>\n<p data-start=\"971\" data-end=\"1322\">La participaci\u00f3 en la Copa Cangur ha estat una experi\u00e8ncia enriquidora per als estudiants del centre, ja que ha contribu\u00eft a refor\u00e7ar l\u2019esperit de superaci\u00f3, la conviv\u00e8ncia i l\u2019intercanvi amb alumnat d\u2019altres centres educatius. Aquesta iniciativa s\u2019emmarca dins de les activitats de promoci\u00f3 de les matem\u00e0tiques i del talent cient\u00edfic entre els joves.<\/p>\n<p data-start=\"971\" data-end=\"1322\"><a href=\"https:\/\/agora.xtec.cat\/iesdelvoltreganes\/wp-content\/uploads\/usu618\/2026\/01\/copa-4.png\"><img loading=\"lazy\" decoding=\"async\" class=\"size-full wp-image-7491 aligncenter\" src=\"https:\/\/agora.xtec.cat\/iesdelvoltreganes\/wp-content\/uploads\/usu618\/2026\/01\/copa-4.png\" alt=\"\" width=\"972\" height=\"666\" srcset=\"https:\/\/agora.xtec.cat\/iesdelvoltreganes\/wp-content\/uploads\/usu618\/2026\/01\/copa-4.png 972w, https:\/\/agora.xtec.cat\/iesdelvoltreganes\/wp-content\/uploads\/usu618\/2026\/01\/copa-4-300x206.png 300w, https:\/\/agora.xtec.cat\/iesdelvoltreganes\/wp-content\/uploads\/usu618\/2026\/01\/copa-4-768x526.png 768w\" sizes=\"auto, (max-width: 972px) 100vw, 972px\" \/><\/a> <a href=\"https:\/\/agora.xtec.cat\/iesdelvoltreganes\/wp-content\/uploads\/usu618\/2026\/01\/copa-23.png\"><img loading=\"lazy\" decoding=\"async\" class=\"size-full wp-image-7492 aligncenter\" src=\"https:\/\/agora.xtec.cat\/iesdelvoltreganes\/wp-content\/uploads\/usu618\/2026\/01\/copa-23.png\" alt=\"\" width=\"966\" height=\"695\" srcset=\"https:\/\/agora.xtec.cat\/iesdelvoltreganes\/wp-content\/uploads\/usu618\/2026\/01\/copa-23.png 966w, https:\/\/agora.xtec.cat\/iesdelvoltreganes\/wp-content\/uploads\/usu618\/2026\/01\/copa-23-300x216.png 300w, https:\/\/agora.xtec.cat\/iesdelvoltreganes\/wp-content\/uploads\/usu618\/2026\/01\/copa-23-768x553.png 768w\" sizes=\"auto, (max-width: 966px) 100vw, 966px\" \/><\/a> <a href=\"https:\/\/agora.xtec.cat\/iesdelvoltreganes\/wp-content\/uploads\/usu618\/2026\/01\/copa8.png\"><img loading=\"lazy\" decoding=\"async\" class=\"size-full wp-image-7493 aligncenter\" src=\"https:\/\/agora.xtec.cat\/iesdelvoltreganes\/wp-content\/uploads\/usu618\/2026\/01\/copa8.png\" alt=\"\" width=\"1015\" height=\"564\" srcset=\"https:\/\/agora.xtec.cat\/iesdelvoltreganes\/wp-content\/uploads\/usu618\/2026\/01\/copa8.png 1015w, https:\/\/agora.xtec.cat\/iesdelvoltreganes\/wp-content\/uploads\/usu618\/2026\/01\/copa8-300x167.png 300w, https:\/\/agora.xtec.cat\/iesdelvoltreganes\/wp-content\/uploads\/usu618\/2026\/01\/copa8-768x427.png 768w\" sizes=\"auto, (max-width: 1015px) 100vw, 1015px\" \/><\/a> <a href=\"https:\/\/agora.xtec.cat\/iesdelvoltreganes\/wp-content\/uploads\/usu618\/2026\/01\/copa-6.png\"><img loading=\"lazy\" decoding=\"async\" class=\"size-full wp-image-7494 aligncenter\" src=\"https:\/\/agora.xtec.cat\/iesdelvoltreganes\/wp-content\/uploads\/usu618\/2026\/01\/copa-6.png\" alt=\"\" width=\"1251\" height=\"532\" srcset=\"https:\/\/agora.xtec.cat\/iesdelvoltreganes\/wp-content\/uploads\/usu618\/2026\/01\/copa-6.png 1251w, https:\/\/agora.xtec.cat\/iesdelvoltreganes\/wp-content\/uploads\/usu618\/2026\/01\/copa-6-300x128.png 300w, https:\/\/agora.xtec.cat\/iesdelvoltreganes\/wp-content\/uploads\/usu618\/2026\/01\/copa-6-1024x435.png 1024w, https:\/\/agora.xtec.cat\/iesdelvoltreganes\/wp-content\/uploads\/usu618\/2026\/01\/copa-6-768x327.png 768w\" sizes=\"auto, (max-width: 1251px) 100vw, 1251px\" \/><\/a><\/p>\n","protected":false},"excerpt":{"rendered":"<p>La Copa Cangur \u00e9s una competici\u00f3 matem\u00e0tica adre\u00e7ada a l\u2019alumnat d\u2019Educaci\u00f3 Secund\u00e0ria Obligat\u00f2ria (ESO) que t\u00e9 com a objectiu fomentar el raonament l\u00f2gic, el pensament cr\u00edtic i el treball en equip en un context educatiu i motivador.<\/p>\n<p>Com cada any, alumnes del nostre institut han participat&hellip;  <a href=\"https:\/\/agora.xtec.cat\/iesdelvoltreganes\/general\/copa-cangur-1r-4t-deso-25-26\/\" title=\"Read COPA CANGUR 1r &#8211; 4t D&#8217;ESO &#8211; 25\/26\">Llegeix m\u00e9s\u00bb<\/a><\/p>\n","protected":false},"author":55,"featured_media":0,"comment_status":"open","ping_status":"open","sticky":false,"template":"","format":"standard","meta":{"_bbp_topic_count":0,"_bbp_reply_count":0,"_bbp_total_topic_count":0,"_bbp_total_reply_count":0,"_bbp_voice_count":0,"_bbp_anonymous_reply_count":0,"_bbp_topic_count_hidden":0,"_bbp_reply_count_hidden":0,"_bbp_forum_subforum_count":0,"footnotes":""},"categories":[3,1,73,29],"tags":[],"class_list":["post-7490","post","type-post","status-publish","format-standard","hentry","category-eso","category-general","category-matematiques","category-portada"],"post_mailing_queue_ids":[],"_links":{"self":[{"href":"https:\/\/agora.xtec.cat\/iesdelvoltreganes\/wp-json\/wp\/v2\/posts\/7490","targetHints":{"allow":["GET"]}}],"collection":[{"href":"https:\/\/agora.xtec.cat\/iesdelvoltreganes\/wp-json\/wp\/v2\/posts"}],"about":[{"href":"https:\/\/agora.xtec.cat\/iesdelvoltreganes\/wp-json\/wp\/v2\/types\/post"}],"author":[{"embeddable":true,"href":"https:\/\/agora.xtec.cat\/iesdelvoltreganes\/wp-json\/wp\/v2\/users\/55"}],"replies":[{"embeddable":true,"href":"https:\/\/agora.xtec.cat\/iesdelvoltreganes\/wp-json\/wp\/v2\/comments?post=7490"}],"version-history":[{"count":1,"href":"https:\/\/agora.xtec.cat\/iesdelvoltreganes\/wp-json\/wp\/v2\/posts\/7490\/revisions"}],"predecessor-version":[{"id":7495,"href":"https:\/\/agora.xtec.cat\/iesdelvoltreganes\/wp-json\/wp\/v2\/posts\/7490\/revisions\/7495"}],"wp:attachment":[{"href":"https:\/\/agora.xtec.cat\/iesdelvoltreganes\/wp-json\/wp\/v2\/media?parent=7490"}],"wp:term":[{"taxonomy":"category","embeddable":true,"href":"https:\/\/agora.xtec.cat\/iesdelvoltreganes\/wp-json\/wp\/v2\/categories?post=7490"},{"taxonomy":"post_tag","embeddable":true,"href":"https:\/\/agora.xtec.cat\/iesdelvoltreganes\/wp-json\/wp\/v2\/tags?post=7490"}],"curies":[{"name":"wp","href":"https:\/\/api.w.org\/{rel}","templated":true}]}}