{"id":7483,"date":"2026-02-02T08:21:46","date_gmt":"2026-02-02T07:21:46","guid":{"rendered":"https:\/\/agora.xtec.cat\/iesdelvoltreganes\/?p=7483"},"modified":"2026-02-02T08:21:46","modified_gmt":"2026-02-02T07:21:46","slug":"esquiada-a-la-masella-2n-deso-2","status":"publish","type":"post","link":"https:\/\/agora.xtec.cat\/iesdelvoltreganes\/general\/esquiada-a-la-masella-2n-deso-2\/","title":{"rendered":"Esquiada a la Masella &#8211; 2n d&#8217;ESO"},"content":{"rendered":"<p data-start=\"111\" data-end=\"367\">Els alumnes de 2n d\u2019ESO van participar en una sortida d\u2019esquiada a Masella, on van passar una jornada plena d\u2019activitats a la neu. Durant el dia, els alumnes van poder practicar esqu\u00ed, millorar la seva t\u00e8cnica i gaudir de l\u2019entorn natural de la Cerdanya.<\/p>\n<p data-start=\"374\" data-end=\"629\">L\u2019activitat va servir per fomentar l\u2019esport, la conviv\u00e8ncia i el treball en equip, aix\u00ed com per compartir moments de diversi\u00f3 fora de l\u2019aula. Tant alumnes com professors van gaudir d\u2019una experi\u00e8ncia molt positiva, marcada pel bon temps i el bon ambient.<\/p>\n<p data-start=\"636\" data-end=\"765\">A continuaci\u00f3, podeu trobar un enlla\u00e7 amb totes les fotografies de la sortida, que es poden visualitzar i descarregar lliurement.<\/p>\n<p style=\"text-align: center;\" data-start=\"636\" data-end=\"765\"><a href=\"https:\/\/www.transfernow.net\/dl\/20260202wKAsxDxk\">https:\/\/www.transfernow.net\/dl\/20260202wKAsxDxk<\/a><\/p>\n","protected":false},"excerpt":{"rendered":"<p>Els alumnes de 2n d\u2019ESO van participar en una sortida d\u2019esquiada a Masella, on van passar una jornada plena d\u2019activitats a la neu. Durant el dia, els alumnes van poder practicar esqu\u00ed, millorar la seva t\u00e8cnica i gaudir de l\u2019entorn natural de la Cerdanya.<br \/>\nL\u2019activitat va&hellip;  <a href=\"https:\/\/agora.xtec.cat\/iesdelvoltreganes\/general\/esquiada-a-la-masella-2n-deso-2\/\" title=\"Read Esquiada a la Masella &#8211; 2n d&#8217;ESO\">Llegeix m\u00e9s\u00bb<\/a><\/p>\n","protected":false},"author":55,"featured_media":0,"comment_status":"open","ping_status":"open","sticky":false,"template":"","format":"standard","meta":{"_bbp_topic_count":0,"_bbp_reply_count":0,"_bbp_total_topic_count":0,"_bbp_total_reply_count":0,"_bbp_voice_count":0,"_bbp_anonymous_reply_count":0,"_bbp_topic_count_hidden":0,"_bbp_reply_count_hidden":0,"_bbp_forum_subforum_count":0,"footnotes":""},"categories":[5,1,29],"tags":[],"class_list":["post-7483","post","type-post","status-publish","format-standard","hentry","category-eso-2","category-general","category-portada"],"post_mailing_queue_ids":[],"_links":{"self":[{"href":"https:\/\/agora.xtec.cat\/iesdelvoltreganes\/wp-json\/wp\/v2\/posts\/7483","targetHints":{"allow":["GET"]}}],"collection":[{"href":"https:\/\/agora.xtec.cat\/iesdelvoltreganes\/wp-json\/wp\/v2\/posts"}],"about":[{"href":"https:\/\/agora.xtec.cat\/iesdelvoltreganes\/wp-json\/wp\/v2\/types\/post"}],"author":[{"embeddable":true,"href":"https:\/\/agora.xtec.cat\/iesdelvoltreganes\/wp-json\/wp\/v2\/users\/55"}],"replies":[{"embeddable":true,"href":"https:\/\/agora.xtec.cat\/iesdelvoltreganes\/wp-json\/wp\/v2\/comments?post=7483"}],"version-history":[{"count":1,"href":"https:\/\/agora.xtec.cat\/iesdelvoltreganes\/wp-json\/wp\/v2\/posts\/7483\/revisions"}],"predecessor-version":[{"id":7511,"href":"https:\/\/agora.xtec.cat\/iesdelvoltreganes\/wp-json\/wp\/v2\/posts\/7483\/revisions\/7511"}],"wp:attachment":[{"href":"https:\/\/agora.xtec.cat\/iesdelvoltreganes\/wp-json\/wp\/v2\/media?parent=7483"}],"wp:term":[{"taxonomy":"category","embeddable":true,"href":"https:\/\/agora.xtec.cat\/iesdelvoltreganes\/wp-json\/wp\/v2\/categories?post=7483"},{"taxonomy":"post_tag","embeddable":true,"href":"https:\/\/agora.xtec.cat\/iesdelvoltreganes\/wp-json\/wp\/v2\/tags?post=7483"}],"curies":[{"name":"wp","href":"https:\/\/api.w.org\/{rel}","templated":true}]}}