{"id":7477,"date":"2026-01-26T16:35:51","date_gmt":"2026-01-26T15:35:51","guid":{"rendered":"https:\/\/agora.xtec.cat\/iesdelvoltreganes\/?p=7477"},"modified":"2026-01-26T16:35:51","modified_gmt":"2026-01-26T15:35:51","slug":"taller-de-laula-dhosteleria-3r-deso","status":"publish","type":"post","link":"https:\/\/agora.xtec.cat\/iesdelvoltreganes\/general\/taller-de-laula-dhosteleria-3r-deso\/","title":{"rendered":"Taller de l&#8217;aula d&#8217;hosteleria &#8211; 3r d&#8217;ESO"},"content":{"rendered":"<p><a href=\"https:\/\/agora.xtec.cat\/iesdelvoltreganes\/wp-content\/uploads\/usu618\/2026\/01\/IMG_7566-1.heic\"><img decoding=\"async\" class=\"alignnone size-full wp-image-7478\" src=\"https:\/\/agora.xtec.cat\/iesdelvoltreganes\/wp-content\/uploads\/usu618\/2026\/01\/IMG_7566-1.heic\" alt=\"\" \/><\/a>Avui el nostre centre ha tingut el plaer de rebre representants de l\u2019Aula d\u2019Hostaleria, que han dut a terme una xerrada adre\u00e7ada als alumnes de 3r d\u2019ESO centrada en els h\u00e0bits saludables d\u2019alimentaci\u00f3, la import\u00e0ncia d\u2019una dieta equilibrada i la necessitat d\u2019adquirir bons costums alimentaris des de ben joves.<\/p>\n<p data-start=\"443\" data-end=\"789\">Durant la sessi\u00f3, l\u2019alumnat ha pogut aprendre conceptes b\u00e0sics sobre nutrici\u00f3, con\u00e8ixer exemples pr\u00e0ctics de men\u00fas saludables i resoldre dubtes relacionats amb l\u2019alimentaci\u00f3 del dia a dia. La xerrada\u00a0 perm\u00e8s reflexionar sobre com les nostres eleccions aliment\u00e0ries influeixen directament en la salut i el benestar.<\/p>\n<p data-start=\"791\" data-end=\"1037\">Com a cloenda de l\u2019activitat, s\u2019ha realitzat un esmorzar de degustaci\u00f3 en qu\u00e8 els alumnes han pogut tastar c\u00f2ctels sense alcohol i un entrep\u00e0 saludable, elaborats com a mostra de que menjar sa tamb\u00e9 pot ser atractiu, sabor\u00f3s i variat.<\/p>\n<p data-start=\"1039\" data-end=\"1206\">Aquesta activitat ha estat una experi\u00e8ncia molt enriquidora i ha contribu\u00eft a fomentar entre l\u2019alumnat la consci\u00e8ncia sobre la import\u00e0ncia d\u2019una alimentaci\u00f3 saludable.<\/p>\n<p><a href=\"https:\/\/agora.xtec.cat\/iesdelvoltreganes\/wp-content\/uploads\/usu618\/2026\/01\/IMG_7567.heic\"><img decoding=\"async\" class=\"alignnone size-full wp-image-7479\" src=\"https:\/\/agora.xtec.cat\/iesdelvoltreganes\/wp-content\/uploads\/usu618\/2026\/01\/IMG_7567.heic\" alt=\"\" \/><\/a><a href=\"https:\/\/agora.xtec.cat\/iesdelvoltreganes\/wp-content\/uploads\/usu618\/2026\/01\/hoste-2.png\"><img loading=\"lazy\" decoding=\"async\" class=\"size-full wp-image-7480 aligncenter\" src=\"https:\/\/agora.xtec.cat\/iesdelvoltreganes\/wp-content\/uploads\/usu618\/2026\/01\/hoste-2.png\" alt=\"\" width=\"1017\" height=\"727\" srcset=\"https:\/\/agora.xtec.cat\/iesdelvoltreganes\/wp-content\/uploads\/usu618\/2026\/01\/hoste-2.png 1017w, https:\/\/agora.xtec.cat\/iesdelvoltreganes\/wp-content\/uploads\/usu618\/2026\/01\/hoste-2-300x214.png 300w, https:\/\/agora.xtec.cat\/iesdelvoltreganes\/wp-content\/uploads\/usu618\/2026\/01\/hoste-2-768x549.png 768w\" sizes=\"auto, (max-width: 1017px) 100vw, 1017px\" \/><\/a><a href=\"https:\/\/agora.xtec.cat\/iesdelvoltreganes\/wp-content\/uploads\/usu618\/2026\/01\/hoste-1.png\"><img loading=\"lazy\" decoding=\"async\" class=\"size-full wp-image-7481 aligncenter\" src=\"https:\/\/agora.xtec.cat\/iesdelvoltreganes\/wp-content\/uploads\/usu618\/2026\/01\/hoste-1.png\" alt=\"\" width=\"1006\" height=\"755\" srcset=\"https:\/\/agora.xtec.cat\/iesdelvoltreganes\/wp-content\/uploads\/usu618\/2026\/01\/hoste-1.png 1006w, https:\/\/agora.xtec.cat\/iesdelvoltreganes\/wp-content\/uploads\/usu618\/2026\/01\/hoste-1-300x225.png 300w, https:\/\/agora.xtec.cat\/iesdelvoltreganes\/wp-content\/uploads\/usu618\/2026\/01\/hoste-1-768x576.png 768w, https:\/\/agora.xtec.cat\/iesdelvoltreganes\/wp-content\/uploads\/usu618\/2026\/01\/hoste-1-200x150.png 200w\" sizes=\"auto, (max-width: 1006px) 100vw, 1006px\" \/><\/a><\/p>\n","protected":false},"excerpt":{"rendered":"<p><a href=\"https:\/\/agora.xtec.cat\/iesdelvoltreganes\/wp-content\/uploads\/usu618\/2026\/01\/IMG_7566-1.heic\"><\/a>Avui el nostre centre ha tingut el plaer de rebre representants de l\u2019Aula d\u2019Hostaleria, que han dut a terme una xerrada adre\u00e7ada als alumnes de 3r d\u2019ESO centrada en els h\u00e0bits saludables d\u2019alimentaci\u00f3, la import\u00e0ncia d\u2019una dieta equilibrada i la necessitat d\u2019adquirir bons costums&hellip;  <a href=\"https:\/\/agora.xtec.cat\/iesdelvoltreganes\/general\/taller-de-laula-dhosteleria-3r-deso\/\" title=\"Read Taller de l&#8217;aula d&#8217;hosteleria &#8211; 3r d&#8217;ESO\">Llegeix m\u00e9s\u00bb<\/a><\/p>\n","protected":false},"author":55,"featured_media":0,"comment_status":"open","ping_status":"open","sticky":false,"template":"","format":"standard","meta":{"_bbp_topic_count":0,"_bbp_reply_count":0,"_bbp_total_topic_count":0,"_bbp_total_reply_count":0,"_bbp_voice_count":0,"_bbp_anonymous_reply_count":0,"_bbp_topic_count_hidden":0,"_bbp_reply_count_hidden":0,"_bbp_forum_subforum_count":0,"footnotes":""},"categories":[6,1,29],"tags":[],"class_list":["post-7477","post","type-post","status-publish","format-standard","hentry","category-eso-3","category-general","category-portada"],"post_mailing_queue_ids":[],"_links":{"self":[{"href":"https:\/\/agora.xtec.cat\/iesdelvoltreganes\/wp-json\/wp\/v2\/posts\/7477","targetHints":{"allow":["GET"]}}],"collection":[{"href":"https:\/\/agora.xtec.cat\/iesdelvoltreganes\/wp-json\/wp\/v2\/posts"}],"about":[{"href":"https:\/\/agora.xtec.cat\/iesdelvoltreganes\/wp-json\/wp\/v2\/types\/post"}],"author":[{"embeddable":true,"href":"https:\/\/agora.xtec.cat\/iesdelvoltreganes\/wp-json\/wp\/v2\/users\/55"}],"replies":[{"embeddable":true,"href":"https:\/\/agora.xtec.cat\/iesdelvoltreganes\/wp-json\/wp\/v2\/comments?post=7477"}],"version-history":[{"count":1,"href":"https:\/\/agora.xtec.cat\/iesdelvoltreganes\/wp-json\/wp\/v2\/posts\/7477\/revisions"}],"predecessor-version":[{"id":7482,"href":"https:\/\/agora.xtec.cat\/iesdelvoltreganes\/wp-json\/wp\/v2\/posts\/7477\/revisions\/7482"}],"wp:attachment":[{"href":"https:\/\/agora.xtec.cat\/iesdelvoltreganes\/wp-json\/wp\/v2\/media?parent=7477"}],"wp:term":[{"taxonomy":"category","embeddable":true,"href":"https:\/\/agora.xtec.cat\/iesdelvoltreganes\/wp-json\/wp\/v2\/categories?post=7477"},{"taxonomy":"post_tag","embeddable":true,"href":"https:\/\/agora.xtec.cat\/iesdelvoltreganes\/wp-json\/wp\/v2\/tags?post=7477"}],"curies":[{"name":"wp","href":"https:\/\/api.w.org\/{rel}","templated":true}]}}