{"id":7472,"date":"2026-01-19T08:04:15","date_gmt":"2026-01-19T07:04:15","guid":{"rendered":"https:\/\/agora.xtec.cat\/iesdelvoltreganes\/?p=7472"},"modified":"2026-01-19T08:04:15","modified_gmt":"2026-01-19T07:04:15","slug":"teatre-calldetenes-la-celestina","status":"publish","type":"post","link":"https:\/\/agora.xtec.cat\/iesdelvoltreganes\/general\/teatre-calldetenes-la-celestina\/","title":{"rendered":"Teatre Calldetenes &#8211; La Celestina"},"content":{"rendered":"<p><span style=\"font-weight: 400;\">L\u2019alumnat de 1r de Batxillerat de la mat\u00e8ria de Llengua Castellana i Literatura <\/span><b>ha assistit<\/b><span style=\"font-weight: 400;\"> recentment a una representaci\u00f3 teatral basada en <\/span><i><span style=\"font-weight: 400;\">La Celestina<\/span><\/i><span style=\"font-weight: 400;\">, obra que <\/span><b>hem treballat<\/b><span style=\"font-weight: 400;\"> pr\u00e8viament a l\u2019aula. La sortida <\/span><b>ha perm\u00e8s<\/b><span style=\"font-weight: 400;\"> acostar-se a aquest cl\u00e0ssic de la literatura des d\u2019una perspectiva esc\u00e8nica, <\/span><b>afavorint<\/b><span style=\"font-weight: 400;\"> la comprensi\u00f3 dels personatges, els temes i els conflictes de l\u2019obra. Aquesta activitat cultural <\/span><b>ha servit<\/b><span style=\"font-weight: 400;\"> per refor\u00e7ar els continguts literaris treballats a classe i per fomentar l\u2019inter\u00e8s de l\u2019alumnat pel teatre com a manifestaci\u00f3 art\u00edstica i mitj\u00e0 de transmissi\u00f3 de la literatura.<\/span><\/p>\n<p>&nbsp;<\/p>\n<p><a href=\"https:\/\/agora.xtec.cat\/iesdelvoltreganes\/wp-content\/uploads\/usu618\/2026\/01\/teatre-2.png\"><img loading=\"lazy\" decoding=\"async\" class=\"size-full wp-image-7473 aligncenter\" src=\"https:\/\/agora.xtec.cat\/iesdelvoltreganes\/wp-content\/uploads\/usu618\/2026\/01\/teatre-2.png\" alt=\"\" width=\"895\" height=\"601\" srcset=\"https:\/\/agora.xtec.cat\/iesdelvoltreganes\/wp-content\/uploads\/usu618\/2026\/01\/teatre-2.png 895w, https:\/\/agora.xtec.cat\/iesdelvoltreganes\/wp-content\/uploads\/usu618\/2026\/01\/teatre-2-300x201.png 300w, https:\/\/agora.xtec.cat\/iesdelvoltreganes\/wp-content\/uploads\/usu618\/2026\/01\/teatre-2-768x516.png 768w\" sizes=\"auto, (max-width: 895px) 100vw, 895px\" \/><\/a> <a href=\"https:\/\/agora.xtec.cat\/iesdelvoltreganes\/wp-content\/uploads\/usu618\/2026\/01\/teatre-3.png\"><img loading=\"lazy\" decoding=\"async\" class=\"size-full wp-image-7474 aligncenter\" src=\"https:\/\/agora.xtec.cat\/iesdelvoltreganes\/wp-content\/uploads\/usu618\/2026\/01\/teatre-3.png\" alt=\"\" width=\"901\" height=\"601\" srcset=\"https:\/\/agora.xtec.cat\/iesdelvoltreganes\/wp-content\/uploads\/usu618\/2026\/01\/teatre-3.png 901w, https:\/\/agora.xtec.cat\/iesdelvoltreganes\/wp-content\/uploads\/usu618\/2026\/01\/teatre-3-300x200.png 300w, https:\/\/agora.xtec.cat\/iesdelvoltreganes\/wp-content\/uploads\/usu618\/2026\/01\/teatre-3-768x512.png 768w\" sizes=\"auto, (max-width: 901px) 100vw, 901px\" \/><\/a> <a href=\"https:\/\/agora.xtec.cat\/iesdelvoltreganes\/wp-content\/uploads\/usu618\/2026\/01\/teatre1.png\"><img loading=\"lazy\" decoding=\"async\" class=\"size-full wp-image-7475 aligncenter\" src=\"https:\/\/agora.xtec.cat\/iesdelvoltreganes\/wp-content\/uploads\/usu618\/2026\/01\/teatre1.png\" alt=\"\" width=\"886\" height=\"490\" srcset=\"https:\/\/agora.xtec.cat\/iesdelvoltreganes\/wp-content\/uploads\/usu618\/2026\/01\/teatre1.png 886w, https:\/\/agora.xtec.cat\/iesdelvoltreganes\/wp-content\/uploads\/usu618\/2026\/01\/teatre1-300x166.png 300w, https:\/\/agora.xtec.cat\/iesdelvoltreganes\/wp-content\/uploads\/usu618\/2026\/01\/teatre1-768x425.png 768w\" sizes=\"auto, (max-width: 886px) 100vw, 886px\" \/><\/a><\/p>\n","protected":false},"excerpt":{"rendered":"<p>L\u2019alumnat de 1r de Batxillerat de la mat\u00e8ria de Llengua Castellana i Literatura ha assistit recentment a una representaci\u00f3 teatral basada en La Celestina, obra que hem treballat pr\u00e8viament a l\u2019aula. La sortida ha perm\u00e8s acostar-se a aquest cl\u00e0ssic de la literatura des d\u2019una perspectiva&hellip;  <a href=\"https:\/\/agora.xtec.cat\/iesdelvoltreganes\/general\/teatre-calldetenes-la-celestina\/\" title=\"Read Teatre Calldetenes &#8211; La Celestina\">Llegeix m\u00e9s\u00bb<\/a><\/p>\n","protected":false},"author":55,"featured_media":0,"comment_status":"open","ping_status":"open","sticky":false,"template":"","format":"standard","meta":{"_bbp_topic_count":0,"_bbp_reply_count":0,"_bbp_total_topic_count":0,"_bbp_total_reply_count":0,"_bbp_voice_count":0,"_bbp_anonymous_reply_count":0,"_bbp_topic_count_hidden":0,"_bbp_reply_count_hidden":0,"_bbp_forum_subforum_count":0,"footnotes":""},"categories":[8,1,72,29],"tags":[],"class_list":["post-7472","post","type-post","status-publish","format-standard","hentry","category-batxillerat","category-general","category-llengues-i-literatura","category-portada"],"post_mailing_queue_ids":[],"_links":{"self":[{"href":"https:\/\/agora.xtec.cat\/iesdelvoltreganes\/wp-json\/wp\/v2\/posts\/7472","targetHints":{"allow":["GET"]}}],"collection":[{"href":"https:\/\/agora.xtec.cat\/iesdelvoltreganes\/wp-json\/wp\/v2\/posts"}],"about":[{"href":"https:\/\/agora.xtec.cat\/iesdelvoltreganes\/wp-json\/wp\/v2\/types\/post"}],"author":[{"embeddable":true,"href":"https:\/\/agora.xtec.cat\/iesdelvoltreganes\/wp-json\/wp\/v2\/users\/55"}],"replies":[{"embeddable":true,"href":"https:\/\/agora.xtec.cat\/iesdelvoltreganes\/wp-json\/wp\/v2\/comments?post=7472"}],"version-history":[{"count":1,"href":"https:\/\/agora.xtec.cat\/iesdelvoltreganes\/wp-json\/wp\/v2\/posts\/7472\/revisions"}],"predecessor-version":[{"id":7476,"href":"https:\/\/agora.xtec.cat\/iesdelvoltreganes\/wp-json\/wp\/v2\/posts\/7472\/revisions\/7476"}],"wp:attachment":[{"href":"https:\/\/agora.xtec.cat\/iesdelvoltreganes\/wp-json\/wp\/v2\/media?parent=7472"}],"wp:term":[{"taxonomy":"category","embeddable":true,"href":"https:\/\/agora.xtec.cat\/iesdelvoltreganes\/wp-json\/wp\/v2\/categories?post=7472"},{"taxonomy":"post_tag","embeddable":true,"href":"https:\/\/agora.xtec.cat\/iesdelvoltreganes\/wp-json\/wp\/v2\/tags?post=7472"}],"curies":[{"name":"wp","href":"https:\/\/api.w.org\/{rel}","templated":true}]}}