{"id":747,"date":"2015-12-10T12:46:59","date_gmt":"2015-12-10T11:46:59","guid":{"rendered":"http:\/\/agora.xtec.cat\/iesdelvoltreganes\/?p=747"},"modified":"2017-08-31T15:29:27","modified_gmt":"2017-08-31T13:29:27","slug":"projecte-de-cooperacio-amb-una-comunitat-de-colombia","status":"publish","type":"post","link":"https:\/\/agora.xtec.cat\/iesdelvoltreganes\/general\/projecte-de-cooperacio-amb-una-comunitat-de-colombia\/","title":{"rendered":"Projecte de cooperaci\u00f3 amb una comunitat de Col\u00f2mbia"},"content":{"rendered":"<p>Els alumnes de Junts Sumem participen en un projecte de col\u00b7laboraci\u00f3 amb la zona de la Guajira (Col\u00f2mbia) amb l&#8217;objectiu de treballar la compet\u00e8ncia comunicativa en castell\u00e0. Tamb\u00e9 hi ha la intenci\u00f3 de fer activitats solid\u00e0ries i poder fer una petita aportaci\u00f3 econ\u00f2mica per millorar les condicions d&#8217;una escola d&#8217;aquella zona.<\/p>\n<p>Per recollir diners han elaborat manualment objectes de Nadal i els han venut als mercats dels municipis del Voltregan\u00e8s. Els beneficis es destinaran \u00edntegrament a una escola de la Guajira.<\/p>\n<div>Tamb\u00e9 es fa una recollida de material escolar de segona m\u00e0 que estigui en bon estat (llibretes, llibres de lectura, estoig&#8230;) per enviar-lo all\u00e0.<\/div>\n<div><\/div>\n<p><a href=\"http:\/\/agora.xtec.cat\/iesdelvoltreganes\/wp-content\/uploads\/usu618\/2015\/12\/DSC_0187.jpg\"><img loading=\"lazy\" decoding=\"async\" class=\"alignnone size-large wp-image-748\" src=\"http:\/\/agora.xtec.cat\/iesdelvoltreganes\/wp-content\/uploads\/usu618\/2015\/12\/DSC_0187-1024x681.jpg\" alt=\"DSC_0187\" width=\"1024\" height=\"681\" srcset=\"https:\/\/agora.xtec.cat\/iesdelvoltreganes\/wp-content\/uploads\/usu618\/2015\/12\/DSC_0187-1024x681.jpg 1024w, https:\/\/agora.xtec.cat\/iesdelvoltreganes\/wp-content\/uploads\/usu618\/2015\/12\/DSC_0187-300x199.jpg 300w, https:\/\/agora.xtec.cat\/iesdelvoltreganes\/wp-content\/uploads\/usu618\/2015\/12\/DSC_0187.jpg 1504w\" sizes=\"auto, (max-width: 1024px) 100vw, 1024px\" \/><\/a><\/p>\n","protected":false},"excerpt":{"rendered":"<p>Els alumnes de Junts Sumem participen en un projecte de col\u00b7laboraci\u00f3 amb la zona de la Guajira (Col\u00f2mbia) amb l&#8217;objectiu de treballar la compet\u00e8ncia comunicativa en castell\u00e0. Tamb\u00e9 hi ha la intenci\u00f3 de fer activitats solid\u00e0ries i poder fer una petita aportaci\u00f3 econ\u00f2mica per millorar&hellip;  <a href=\"https:\/\/agora.xtec.cat\/iesdelvoltreganes\/general\/projecte-de-cooperacio-amb-una-comunitat-de-colombia\/\" title=\"Read Projecte de cooperaci\u00f3 amb una comunitat de Col\u00f2mbia\">Llegeix m\u00e9s\u00bb<\/a><\/p>\n","protected":false},"author":6,"featured_media":748,"comment_status":"open","ping_status":"closed","sticky":false,"template":"","format":"standard","meta":{"_bbp_topic_count":0,"_bbp_reply_count":0,"_bbp_total_topic_count":0,"_bbp_total_reply_count":0,"_bbp_voice_count":0,"_bbp_anonymous_reply_count":0,"_bbp_topic_count_hidden":0,"_bbp_reply_count_hidden":0,"_bbp_forum_subforum_count":0,"footnotes":""},"categories":[1,75,29],"tags":[],"class_list":["post-747","post","type-post","status-publish","format-standard","has-post-thumbnail","hentry","category-general","category-orientacio","category-portada"],"post_mailing_queue_ids":[],"_links":{"self":[{"href":"https:\/\/agora.xtec.cat\/iesdelvoltreganes\/wp-json\/wp\/v2\/posts\/747","targetHints":{"allow":["GET"]}}],"collection":[{"href":"https:\/\/agora.xtec.cat\/iesdelvoltreganes\/wp-json\/wp\/v2\/posts"}],"about":[{"href":"https:\/\/agora.xtec.cat\/iesdelvoltreganes\/wp-json\/wp\/v2\/types\/post"}],"author":[{"embeddable":true,"href":"https:\/\/agora.xtec.cat\/iesdelvoltreganes\/wp-json\/wp\/v2\/users\/6"}],"replies":[{"embeddable":true,"href":"https:\/\/agora.xtec.cat\/iesdelvoltreganes\/wp-json\/wp\/v2\/comments?post=747"}],"version-history":[{"count":3,"href":"https:\/\/agora.xtec.cat\/iesdelvoltreganes\/wp-json\/wp\/v2\/posts\/747\/revisions"}],"predecessor-version":[{"id":795,"href":"https:\/\/agora.xtec.cat\/iesdelvoltreganes\/wp-json\/wp\/v2\/posts\/747\/revisions\/795"}],"wp:featuredmedia":[{"embeddable":true,"href":"https:\/\/agora.xtec.cat\/iesdelvoltreganes\/wp-json\/wp\/v2\/media\/748"}],"wp:attachment":[{"href":"https:\/\/agora.xtec.cat\/iesdelvoltreganes\/wp-json\/wp\/v2\/media?parent=747"}],"wp:term":[{"taxonomy":"category","embeddable":true,"href":"https:\/\/agora.xtec.cat\/iesdelvoltreganes\/wp-json\/wp\/v2\/categories?post=747"},{"taxonomy":"post_tag","embeddable":true,"href":"https:\/\/agora.xtec.cat\/iesdelvoltreganes\/wp-json\/wp\/v2\/tags?post=747"}],"curies":[{"name":"wp","href":"https:\/\/api.w.org\/{rel}","templated":true}]}}