{"id":7462,"date":"2025-12-19T10:55:18","date_gmt":"2025-12-19T09:55:18","guid":{"rendered":"https:\/\/agora.xtec.cat\/iesdelvoltreganes\/?p=7462"},"modified":"2025-12-19T10:55:18","modified_gmt":"2025-12-19T09:55:18","slug":"malbaratament-alimentari-3r-eso","status":"publish","type":"post","link":"https:\/\/agora.xtec.cat\/iesdelvoltreganes\/general\/malbaratament-alimentari-3r-eso\/","title":{"rendered":"MALBARATAMENT ALIMENTARI 3r ESO"},"content":{"rendered":"<p><span style=\"font-weight: 400;\">\u00a0A socials a 3r de l&#8217;ESO iniciem l\u2019estudi dels sectors econ\u00f2mics. Comencem a con\u00e8ixer el sector primari parlant del malbaratament alimentari. Per tal de ser-ne conscients i no llen\u00e7ar res de menjar hem fet un petit recull de receptes per aprofitar les restes de les taules nadalenques. Bones Festes!!<\/span><\/p>\n<p>&nbsp;<\/p>\n<p><a href=\"https:\/\/agora.xtec.cat\/iesdelvoltreganes\/wp-content\/uploads\/usu618\/2025\/12\/malba-1.png\"><img loading=\"lazy\" decoding=\"async\" class=\"size-full wp-image-7463 aligncenter\" src=\"https:\/\/agora.xtec.cat\/iesdelvoltreganes\/wp-content\/uploads\/usu618\/2025\/12\/malba-1.png\" alt=\"\" width=\"816\" height=\"651\" srcset=\"https:\/\/agora.xtec.cat\/iesdelvoltreganes\/wp-content\/uploads\/usu618\/2025\/12\/malba-1.png 816w, https:\/\/agora.xtec.cat\/iesdelvoltreganes\/wp-content\/uploads\/usu618\/2025\/12\/malba-1-300x239.png 300w, https:\/\/agora.xtec.cat\/iesdelvoltreganes\/wp-content\/uploads\/usu618\/2025\/12\/malba-1-768x613.png 768w\" sizes=\"auto, (max-width: 816px) 100vw, 816px\" \/><\/a> <a href=\"https:\/\/agora.xtec.cat\/iesdelvoltreganes\/wp-content\/uploads\/usu618\/2025\/12\/malba-2.png\"><img loading=\"lazy\" decoding=\"async\" class=\"size-full wp-image-7464 aligncenter\" src=\"https:\/\/agora.xtec.cat\/iesdelvoltreganes\/wp-content\/uploads\/usu618\/2025\/12\/malba-2.png\" alt=\"\" width=\"688\" height=\"582\" srcset=\"https:\/\/agora.xtec.cat\/iesdelvoltreganes\/wp-content\/uploads\/usu618\/2025\/12\/malba-2.png 688w, https:\/\/agora.xtec.cat\/iesdelvoltreganes\/wp-content\/uploads\/usu618\/2025\/12\/malba-2-300x254.png 300w\" sizes=\"auto, (max-width: 688px) 100vw, 688px\" \/><\/a> <a href=\"https:\/\/agora.xtec.cat\/iesdelvoltreganes\/wp-content\/uploads\/usu618\/2025\/12\/malba-3.png\"><img loading=\"lazy\" decoding=\"async\" class=\"size-full wp-image-7465 aligncenter\" src=\"https:\/\/agora.xtec.cat\/iesdelvoltreganes\/wp-content\/uploads\/usu618\/2025\/12\/malba-3.png\" alt=\"\" width=\"862\" height=\"664\" srcset=\"https:\/\/agora.xtec.cat\/iesdelvoltreganes\/wp-content\/uploads\/usu618\/2025\/12\/malba-3.png 862w, https:\/\/agora.xtec.cat\/iesdelvoltreganes\/wp-content\/uploads\/usu618\/2025\/12\/malba-3-300x231.png 300w, https:\/\/agora.xtec.cat\/iesdelvoltreganes\/wp-content\/uploads\/usu618\/2025\/12\/malba-3-768x592.png 768w\" sizes=\"auto, (max-width: 862px) 100vw, 862px\" \/><\/a> <a href=\"https:\/\/agora.xtec.cat\/iesdelvoltreganes\/wp-content\/uploads\/usu618\/2025\/12\/malba3.png\"><img loading=\"lazy\" decoding=\"async\" class=\"size-full wp-image-7466 aligncenter\" src=\"https:\/\/agora.xtec.cat\/iesdelvoltreganes\/wp-content\/uploads\/usu618\/2025\/12\/malba3.png\" alt=\"\" width=\"786\" height=\"534\" srcset=\"https:\/\/agora.xtec.cat\/iesdelvoltreganes\/wp-content\/uploads\/usu618\/2025\/12\/malba3.png 786w, https:\/\/agora.xtec.cat\/iesdelvoltreganes\/wp-content\/uploads\/usu618\/2025\/12\/malba3-300x204.png 300w, https:\/\/agora.xtec.cat\/iesdelvoltreganes\/wp-content\/uploads\/usu618\/2025\/12\/malba3-768x522.png 768w\" sizes=\"auto, (max-width: 786px) 100vw, 786px\" \/><\/a><\/p>\n","protected":false},"excerpt":{"rendered":"<p>\u00a0A socials a 3r de l&#8217;ESO iniciem l\u2019estudi dels sectors econ\u00f2mics. Comencem a con\u00e8ixer el sector primari parlant del malbaratament alimentari. Per tal de ser-ne conscients i no llen\u00e7ar res de menjar hem fet un petit recull de receptes per aprofitar les restes de les&hellip;  <a href=\"https:\/\/agora.xtec.cat\/iesdelvoltreganes\/general\/malbaratament-alimentari-3r-eso\/\" title=\"Read MALBARATAMENT ALIMENTARI 3r ESO\">Llegeix m\u00e9s\u00bb<\/a><\/p>\n","protected":false},"author":55,"featured_media":0,"comment_status":"open","ping_status":"open","sticky":false,"template":"","format":"standard","meta":{"_bbp_topic_count":0,"_bbp_reply_count":0,"_bbp_total_topic_count":0,"_bbp_total_reply_count":0,"_bbp_voice_count":0,"_bbp_anonymous_reply_count":0,"_bbp_topic_count_hidden":0,"_bbp_reply_count_hidden":0,"_bbp_forum_subforum_count":0,"footnotes":""},"categories":[66,6,1,29],"tags":[],"class_list":["post-7462","post","type-post","status-publish","format-standard","hentry","category-ciencies-socials","category-eso-3","category-general","category-portada"],"post_mailing_queue_ids":[],"_links":{"self":[{"href":"https:\/\/agora.xtec.cat\/iesdelvoltreganes\/wp-json\/wp\/v2\/posts\/7462","targetHints":{"allow":["GET"]}}],"collection":[{"href":"https:\/\/agora.xtec.cat\/iesdelvoltreganes\/wp-json\/wp\/v2\/posts"}],"about":[{"href":"https:\/\/agora.xtec.cat\/iesdelvoltreganes\/wp-json\/wp\/v2\/types\/post"}],"author":[{"embeddable":true,"href":"https:\/\/agora.xtec.cat\/iesdelvoltreganes\/wp-json\/wp\/v2\/users\/55"}],"replies":[{"embeddable":true,"href":"https:\/\/agora.xtec.cat\/iesdelvoltreganes\/wp-json\/wp\/v2\/comments?post=7462"}],"version-history":[{"count":1,"href":"https:\/\/agora.xtec.cat\/iesdelvoltreganes\/wp-json\/wp\/v2\/posts\/7462\/revisions"}],"predecessor-version":[{"id":7467,"href":"https:\/\/agora.xtec.cat\/iesdelvoltreganes\/wp-json\/wp\/v2\/posts\/7462\/revisions\/7467"}],"wp:attachment":[{"href":"https:\/\/agora.xtec.cat\/iesdelvoltreganes\/wp-json\/wp\/v2\/media?parent=7462"}],"wp:term":[{"taxonomy":"category","embeddable":true,"href":"https:\/\/agora.xtec.cat\/iesdelvoltreganes\/wp-json\/wp\/v2\/categories?post=7462"},{"taxonomy":"post_tag","embeddable":true,"href":"https:\/\/agora.xtec.cat\/iesdelvoltreganes\/wp-json\/wp\/v2\/tags?post=7462"}],"curies":[{"name":"wp","href":"https:\/\/api.w.org\/{rel}","templated":true}]}}