{"id":7456,"date":"2025-12-17T10:16:37","date_gmt":"2025-12-17T09:16:37","guid":{"rendered":"https:\/\/agora.xtec.cat\/iesdelvoltreganes\/?p=7456"},"modified":"2025-12-17T10:16:37","modified_gmt":"2025-12-17T09:16:37","slug":"visita-a-girona-2n-deso","status":"publish","type":"post","link":"https:\/\/agora.xtec.cat\/iesdelvoltreganes\/general\/visita-a-girona-2n-deso\/","title":{"rendered":"Visita a Girona 2n d&#8217;ESO"},"content":{"rendered":"<p><span style=\"font-weight: 400;\">Aquesta sortida ens servir\u00e0 per descobrir la part m\u00e9s matem\u00e0tica de Girona! Amb <\/span><span style=\"font-weight: 400;\">l\u2019ajuda d\u2019un dossier did\u00e0ctic, treballarem la geometria i la mesura, a m\u00e9s de con\u00e8ixer els diferents estils arquitect\u00f2nics al llarg del temps. Farem activitats com ara: con\u00e8ixer la difer\u00e8ncia matem\u00e0tica entre un arc apuntat i un d\u2019ogival a Sant Feliu, calcular l\u2019al\u00e7at de la muralla medieval o analitzar les formes geom\u00e8triques del claustre de la Catedral.<\/span><\/p>\n<p><a href=\"https:\/\/agora.xtec.cat\/iesdelvoltreganes\/wp-content\/uploads\/usu618\/2025\/12\/girona-1.png\"><img loading=\"lazy\" decoding=\"async\" class=\"size-full wp-image-7457 aligncenter\" src=\"https:\/\/agora.xtec.cat\/iesdelvoltreganes\/wp-content\/uploads\/usu618\/2025\/12\/girona-1.png\" alt=\"\" width=\"840\" height=\"567\" srcset=\"https:\/\/agora.xtec.cat\/iesdelvoltreganes\/wp-content\/uploads\/usu618\/2025\/12\/girona-1.png 840w, https:\/\/agora.xtec.cat\/iesdelvoltreganes\/wp-content\/uploads\/usu618\/2025\/12\/girona-1-300x203.png 300w, https:\/\/agora.xtec.cat\/iesdelvoltreganes\/wp-content\/uploads\/usu618\/2025\/12\/girona-1-768x518.png 768w\" sizes=\"auto, (max-width: 840px) 100vw, 840px\" \/><\/a> <a href=\"https:\/\/agora.xtec.cat\/iesdelvoltreganes\/wp-content\/uploads\/usu618\/2025\/12\/girona-2.png\"><img loading=\"lazy\" decoding=\"async\" class=\"size-full wp-image-7458 aligncenter\" src=\"https:\/\/agora.xtec.cat\/iesdelvoltreganes\/wp-content\/uploads\/usu618\/2025\/12\/girona-2.png\" alt=\"\" width=\"843\" height=\"633\" srcset=\"https:\/\/agora.xtec.cat\/iesdelvoltreganes\/wp-content\/uploads\/usu618\/2025\/12\/girona-2.png 843w, https:\/\/agora.xtec.cat\/iesdelvoltreganes\/wp-content\/uploads\/usu618\/2025\/12\/girona-2-300x225.png 300w, https:\/\/agora.xtec.cat\/iesdelvoltreganes\/wp-content\/uploads\/usu618\/2025\/12\/girona-2-768x577.png 768w, https:\/\/agora.xtec.cat\/iesdelvoltreganes\/wp-content\/uploads\/usu618\/2025\/12\/girona-2-200x150.png 200w\" sizes=\"auto, (max-width: 843px) 100vw, 843px\" \/><\/a> <a href=\"https:\/\/agora.xtec.cat\/iesdelvoltreganes\/wp-content\/uploads\/usu618\/2025\/12\/girona-3.png\"><img loading=\"lazy\" decoding=\"async\" class=\"size-full wp-image-7459 aligncenter\" src=\"https:\/\/agora.xtec.cat\/iesdelvoltreganes\/wp-content\/uploads\/usu618\/2025\/12\/girona-3.png\" alt=\"\" width=\"876\" height=\"529\" srcset=\"https:\/\/agora.xtec.cat\/iesdelvoltreganes\/wp-content\/uploads\/usu618\/2025\/12\/girona-3.png 876w, https:\/\/agora.xtec.cat\/iesdelvoltreganes\/wp-content\/uploads\/usu618\/2025\/12\/girona-3-300x181.png 300w, https:\/\/agora.xtec.cat\/iesdelvoltreganes\/wp-content\/uploads\/usu618\/2025\/12\/girona-3-768x464.png 768w\" sizes=\"auto, (max-width: 876px) 100vw, 876px\" \/><\/a> <a href=\"https:\/\/agora.xtec.cat\/iesdelvoltreganes\/wp-content\/uploads\/usu618\/2025\/12\/girona-4.png\"><img loading=\"lazy\" decoding=\"async\" class=\"size-full wp-image-7460 aligncenter\" src=\"https:\/\/agora.xtec.cat\/iesdelvoltreganes\/wp-content\/uploads\/usu618\/2025\/12\/girona-4.png\" alt=\"\" width=\"472\" height=\"537\" srcset=\"https:\/\/agora.xtec.cat\/iesdelvoltreganes\/wp-content\/uploads\/usu618\/2025\/12\/girona-4.png 472w, https:\/\/agora.xtec.cat\/iesdelvoltreganes\/wp-content\/uploads\/usu618\/2025\/12\/girona-4-264x300.png 264w\" sizes=\"auto, (max-width: 472px) 100vw, 472px\" \/><\/a><\/p>\n","protected":false},"excerpt":{"rendered":"<p>Aquesta sortida ens servir\u00e0 per descobrir la part m\u00e9s matem\u00e0tica de Girona! Amb l\u2019ajuda d\u2019un dossier did\u00e0ctic, treballarem la geometria i la mesura, a m\u00e9s de con\u00e8ixer els diferents estils arquitect\u00f2nics al llarg del temps. Farem activitats com ara: con\u00e8ixer la difer\u00e8ncia matem\u00e0tica entre un&hellip;  <a href=\"https:\/\/agora.xtec.cat\/iesdelvoltreganes\/general\/visita-a-girona-2n-deso\/\" title=\"Read Visita a Girona 2n d&#8217;ESO\">Llegeix m\u00e9s\u00bb<\/a><\/p>\n","protected":false},"author":55,"featured_media":0,"comment_status":"open","ping_status":"open","sticky":false,"template":"","format":"standard","meta":{"_bbp_topic_count":0,"_bbp_reply_count":0,"_bbp_total_topic_count":0,"_bbp_total_reply_count":0,"_bbp_voice_count":0,"_bbp_anonymous_reply_count":0,"_bbp_topic_count_hidden":0,"_bbp_reply_count_hidden":0,"_bbp_forum_subforum_count":0,"footnotes":""},"categories":[66,5,1,29],"tags":[],"class_list":["post-7456","post","type-post","status-publish","format-standard","hentry","category-ciencies-socials","category-eso-2","category-general","category-portada"],"post_mailing_queue_ids":[],"_links":{"self":[{"href":"https:\/\/agora.xtec.cat\/iesdelvoltreganes\/wp-json\/wp\/v2\/posts\/7456","targetHints":{"allow":["GET"]}}],"collection":[{"href":"https:\/\/agora.xtec.cat\/iesdelvoltreganes\/wp-json\/wp\/v2\/posts"}],"about":[{"href":"https:\/\/agora.xtec.cat\/iesdelvoltreganes\/wp-json\/wp\/v2\/types\/post"}],"author":[{"embeddable":true,"href":"https:\/\/agora.xtec.cat\/iesdelvoltreganes\/wp-json\/wp\/v2\/users\/55"}],"replies":[{"embeddable":true,"href":"https:\/\/agora.xtec.cat\/iesdelvoltreganes\/wp-json\/wp\/v2\/comments?post=7456"}],"version-history":[{"count":1,"href":"https:\/\/agora.xtec.cat\/iesdelvoltreganes\/wp-json\/wp\/v2\/posts\/7456\/revisions"}],"predecessor-version":[{"id":7461,"href":"https:\/\/agora.xtec.cat\/iesdelvoltreganes\/wp-json\/wp\/v2\/posts\/7456\/revisions\/7461"}],"wp:attachment":[{"href":"https:\/\/agora.xtec.cat\/iesdelvoltreganes\/wp-json\/wp\/v2\/media?parent=7456"}],"wp:term":[{"taxonomy":"category","embeddable":true,"href":"https:\/\/agora.xtec.cat\/iesdelvoltreganes\/wp-json\/wp\/v2\/categories?post=7456"},{"taxonomy":"post_tag","embeddable":true,"href":"https:\/\/agora.xtec.cat\/iesdelvoltreganes\/wp-json\/wp\/v2\/tags?post=7456"}],"curies":[{"name":"wp","href":"https:\/\/api.w.org\/{rel}","templated":true}]}}