{"id":7451,"date":"2025-12-17T10:13:36","date_gmt":"2025-12-17T09:13:36","guid":{"rendered":"https:\/\/agora.xtec.cat\/iesdelvoltreganes\/?p=7451"},"modified":"2025-12-17T10:13:36","modified_gmt":"2025-12-17T09:13:36","slug":"museu-del-coure-2n-deso","status":"publish","type":"post","link":"https:\/\/agora.xtec.cat\/iesdelvoltreganes\/general\/museu-del-coure-2n-deso\/","title":{"rendered":"Museu del coure 2n d&#8217;ESO"},"content":{"rendered":"<div>\n<div class=\"gmail_default\">L\u2019alumnat de\u00a0<strong>2n d\u2019ESO<\/strong>\u00a0va visitar\u00a0<strong>el passat dilluns<\/strong>\u00a0el\u00a0<strong>Museu del Coure.\u00a0<\/strong>Durant la visita, l&#8217;alumnat a pogut con\u00e8ixer\u00a0les caracter\u00edstiques tan especials del coure, fent un rep\u00e0s del seu \u00fas al llarg de la hist\u00f2ria fins a l\u2019actualitat.<\/div>\n<div><\/div>\n<\/div>\n<div>\n<div class=\"gmail_signature\" dir=\"ltr\" data-smartmail=\"gmail_signature\">\n<div dir=\"ltr\">\n<div dir=\"ltr\">\n<div class=\"gmail_default\">Tamb\u00e9 van poder veure en directe el\u00a0<strong>proc\u00e9s de reciclatge del coure<\/strong>\u00a0visitant la f\u00e0brica a trav\u00e9s d&#8217;una\u00a0<b>passarel\u00b7la.<\/b><\/div>\n<div class=\"gmail_default\">\nAquests aprenentages\u00a0els aplicaran a tecnologia el 2n trimestre.<\/div>\n<div><\/div>\n<\/div>\n<div><a href=\"https:\/\/agora.xtec.cat\/iesdelvoltreganes\/wp-content\/uploads\/usu618\/2025\/12\/coure-2.png\"><img loading=\"lazy\" decoding=\"async\" class=\"size-full wp-image-7452 aligncenter\" src=\"https:\/\/agora.xtec.cat\/iesdelvoltreganes\/wp-content\/uploads\/usu618\/2025\/12\/coure-2.png\" alt=\"\" width=\"841\" height=\"511\" srcset=\"https:\/\/agora.xtec.cat\/iesdelvoltreganes\/wp-content\/uploads\/usu618\/2025\/12\/coure-2.png 841w, https:\/\/agora.xtec.cat\/iesdelvoltreganes\/wp-content\/uploads\/usu618\/2025\/12\/coure-2-300x182.png 300w, https:\/\/agora.xtec.cat\/iesdelvoltreganes\/wp-content\/uploads\/usu618\/2025\/12\/coure-2-768x467.png 768w\" sizes=\"auto, (max-width: 841px) 100vw, 841px\" \/><\/a> <a href=\"https:\/\/agora.xtec.cat\/iesdelvoltreganes\/wp-content\/uploads\/usu618\/2025\/12\/coure-4.png\"><img loading=\"lazy\" decoding=\"async\" class=\"size-full wp-image-7453 aligncenter\" src=\"https:\/\/agora.xtec.cat\/iesdelvoltreganes\/wp-content\/uploads\/usu618\/2025\/12\/coure-4.png\" alt=\"\" width=\"478\" height=\"670\" srcset=\"https:\/\/agora.xtec.cat\/iesdelvoltreganes\/wp-content\/uploads\/usu618\/2025\/12\/coure-4.png 478w, https:\/\/agora.xtec.cat\/iesdelvoltreganes\/wp-content\/uploads\/usu618\/2025\/12\/coure-4-214x300.png 214w\" sizes=\"auto, (max-width: 478px) 100vw, 478px\" \/><\/a> <a href=\"https:\/\/agora.xtec.cat\/iesdelvoltreganes\/wp-content\/uploads\/usu618\/2025\/12\/museu-coure.png\"><img loading=\"lazy\" decoding=\"async\" class=\"size-full wp-image-7454 aligncenter\" src=\"https:\/\/agora.xtec.cat\/iesdelvoltreganes\/wp-content\/uploads\/usu618\/2025\/12\/museu-coure.png\" alt=\"\" width=\"873\" height=\"486\" srcset=\"https:\/\/agora.xtec.cat\/iesdelvoltreganes\/wp-content\/uploads\/usu618\/2025\/12\/museu-coure.png 873w, https:\/\/agora.xtec.cat\/iesdelvoltreganes\/wp-content\/uploads\/usu618\/2025\/12\/museu-coure-300x167.png 300w, https:\/\/agora.xtec.cat\/iesdelvoltreganes\/wp-content\/uploads\/usu618\/2025\/12\/museu-coure-768x428.png 768w\" sizes=\"auto, (max-width: 873px) 100vw, 873px\" \/><\/a><\/div>\n<\/div>\n<\/div>\n<\/div>\n","protected":false},"excerpt":{"rendered":"<p>L\u2019alumnat de\u00a02n d\u2019ESO\u00a0va visitar\u00a0el passat dilluns\u00a0el\u00a0Museu del Coure.\u00a0Durant la visita, l&#8217;alumnat a pogut con\u00e8ixer\u00a0les caracter\u00edstiques tan especials del coure, fent un rep\u00e0s del seu \u00fas al llarg de la hist\u00f2ria fins a l\u2019actualitat.<\/p>\n<p>Tamb\u00e9 van poder veure en directe el\u00a0proc\u00e9s de reciclatge del coure\u00a0visitant la f\u00e0brica&hellip;  <a href=\"https:\/\/agora.xtec.cat\/iesdelvoltreganes\/general\/museu-del-coure-2n-deso\/\" title=\"Read Museu del coure 2n d&#8217;ESO\">Llegeix m\u00e9s\u00bb<\/a><\/p>\n","protected":false},"author":55,"featured_media":0,"comment_status":"open","ping_status":"open","sticky":false,"template":"","format":"standard","meta":{"_bbp_topic_count":0,"_bbp_reply_count":0,"_bbp_total_topic_count":0,"_bbp_total_reply_count":0,"_bbp_voice_count":0,"_bbp_anonymous_reply_count":0,"_bbp_topic_count_hidden":0,"_bbp_reply_count_hidden":0,"_bbp_forum_subforum_count":0,"footnotes":""},"categories":[5,1,29],"tags":[],"class_list":["post-7451","post","type-post","status-publish","format-standard","hentry","category-eso-2","category-general","category-portada"],"post_mailing_queue_ids":[],"_links":{"self":[{"href":"https:\/\/agora.xtec.cat\/iesdelvoltreganes\/wp-json\/wp\/v2\/posts\/7451","targetHints":{"allow":["GET"]}}],"collection":[{"href":"https:\/\/agora.xtec.cat\/iesdelvoltreganes\/wp-json\/wp\/v2\/posts"}],"about":[{"href":"https:\/\/agora.xtec.cat\/iesdelvoltreganes\/wp-json\/wp\/v2\/types\/post"}],"author":[{"embeddable":true,"href":"https:\/\/agora.xtec.cat\/iesdelvoltreganes\/wp-json\/wp\/v2\/users\/55"}],"replies":[{"embeddable":true,"href":"https:\/\/agora.xtec.cat\/iesdelvoltreganes\/wp-json\/wp\/v2\/comments?post=7451"}],"version-history":[{"count":1,"href":"https:\/\/agora.xtec.cat\/iesdelvoltreganes\/wp-json\/wp\/v2\/posts\/7451\/revisions"}],"predecessor-version":[{"id":7455,"href":"https:\/\/agora.xtec.cat\/iesdelvoltreganes\/wp-json\/wp\/v2\/posts\/7451\/revisions\/7455"}],"wp:attachment":[{"href":"https:\/\/agora.xtec.cat\/iesdelvoltreganes\/wp-json\/wp\/v2\/media?parent=7451"}],"wp:term":[{"taxonomy":"category","embeddable":true,"href":"https:\/\/agora.xtec.cat\/iesdelvoltreganes\/wp-json\/wp\/v2\/categories?post=7451"},{"taxonomy":"post_tag","embeddable":true,"href":"https:\/\/agora.xtec.cat\/iesdelvoltreganes\/wp-json\/wp\/v2\/tags?post=7451"}],"curies":[{"name":"wp","href":"https:\/\/api.w.org\/{rel}","templated":true}]}}