{"id":744,"date":"2015-12-09T18:06:57","date_gmt":"2015-12-09T17:06:57","guid":{"rendered":"http:\/\/agora.xtec.cat\/iesdelvoltreganes\/?p=744"},"modified":"2023-12-19T12:26:20","modified_gmt":"2023-12-19T11:26:20","slug":"marato-de-tv3","status":"publish","type":"post","link":"https:\/\/agora.xtec.cat\/iesdelvoltreganes\/general\/marato-de-tv3\/","title":{"rendered":"Marat\u00f3 de TV3"},"content":{"rendered":"<p><a href=\"http:\/\/agora.xtec.cat\/iesdelvoltreganes\/wp-content\/uploads\/usu618\/2015\/12\/baixa.png\"><img loading=\"lazy\" decoding=\"async\" class=\" wp-image-745 aligncenter\" src=\"http:\/\/agora.xtec.cat\/iesdelvoltreganes\/wp-content\/uploads\/usu618\/2015\/12\/baixa.png\" alt=\"baixa\" width=\"392\" height=\"187\" srcset=\"https:\/\/agora.xtec.cat\/iesdelvoltreganes\/wp-content\/uploads\/usu618\/2015\/12\/baixa.png 325w, https:\/\/agora.xtec.cat\/iesdelvoltreganes\/wp-content\/uploads\/usu618\/2015\/12\/baixa-300x143.png 300w\" sizes=\"auto, (max-width: 392px) 100vw, 392px\" \/><\/a><\/p>\n<p>&nbsp;<\/p>\n<p><b>Com tots sabeu, aquest any, la Marat\u00f3 de TV3 est\u00e0 destinada a la diabetis i a la obesitat.<\/b><\/p>\n<p><b>Per col\u00b7laborar-hi, el divendres 11 de desembre a les 18:00h es realitzaran diferents actuacions de cant i dansa a l&#8217;Institut del Voltregan\u00e8s.<\/b><\/p>\n<p><b>All\u00f2 que aporti \u00a0cadasc\u00fa ser\u00e0 destinat a la Marat\u00f3.<\/b><\/p>\n<p><b>T&#8217;hi esperem!<\/b><\/p>\n","protected":false},"excerpt":{"rendered":"<p><a href=\"http:\/\/agora.xtec.cat\/iesdelvoltreganes\/wp-content\/uploads\/usu618\/2015\/12\/baixa.png\"><\/a><br \/>\n&nbsp;<br \/>\nCom tots sabeu, aquest any, la Marat\u00f3 de TV3 est\u00e0 destinada a la diabetis i a la obesitat.<br \/>\nPer col\u00b7laborar-hi, el divendres 11 de desembre a les 18:00h es realitzaran diferents actuacions de cant i dansa a l&#8217;Institut del Voltregan\u00e8s.<br \/>\nAll\u00f2 que aporti \u00a0cadasc\u00fa ser\u00e0 destinat&hellip;  <a href=\"https:\/\/agora.xtec.cat\/iesdelvoltreganes\/general\/marato-de-tv3\/\" title=\"Read Marat\u00f3 de TV3\">Llegeix m\u00e9s\u00bb<\/a><\/p>\n","protected":false},"author":6,"featured_media":745,"comment_status":"open","ping_status":"closed","sticky":false,"template":"","format":"standard","meta":{"_bbp_topic_count":0,"_bbp_reply_count":0,"_bbp_total_topic_count":0,"_bbp_total_reply_count":0,"_bbp_voice_count":0,"_bbp_anonymous_reply_count":0,"_bbp_topic_count_hidden":0,"_bbp_reply_count_hidden":0,"_bbp_forum_subforum_count":0,"footnotes":""},"categories":[1,29],"tags":[84,160],"class_list":["post-744","post","type-post","status-publish","format-standard","has-post-thumbnail","hentry","category-general","category-portada","tag-activitats","tag-marato-de-tv3"],"post_mailing_queue_ids":[],"_links":{"self":[{"href":"https:\/\/agora.xtec.cat\/iesdelvoltreganes\/wp-json\/wp\/v2\/posts\/744","targetHints":{"allow":["GET"]}}],"collection":[{"href":"https:\/\/agora.xtec.cat\/iesdelvoltreganes\/wp-json\/wp\/v2\/posts"}],"about":[{"href":"https:\/\/agora.xtec.cat\/iesdelvoltreganes\/wp-json\/wp\/v2\/types\/post"}],"author":[{"embeddable":true,"href":"https:\/\/agora.xtec.cat\/iesdelvoltreganes\/wp-json\/wp\/v2\/users\/6"}],"replies":[{"embeddable":true,"href":"https:\/\/agora.xtec.cat\/iesdelvoltreganes\/wp-json\/wp\/v2\/comments?post=744"}],"version-history":[{"count":1,"href":"https:\/\/agora.xtec.cat\/iesdelvoltreganes\/wp-json\/wp\/v2\/posts\/744\/revisions"}],"predecessor-version":[{"id":746,"href":"https:\/\/agora.xtec.cat\/iesdelvoltreganes\/wp-json\/wp\/v2\/posts\/744\/revisions\/746"}],"wp:featuredmedia":[{"embeddable":true,"href":"https:\/\/agora.xtec.cat\/iesdelvoltreganes\/wp-json\/wp\/v2\/media\/745"}],"wp:attachment":[{"href":"https:\/\/agora.xtec.cat\/iesdelvoltreganes\/wp-json\/wp\/v2\/media?parent=744"}],"wp:term":[{"taxonomy":"category","embeddable":true,"href":"https:\/\/agora.xtec.cat\/iesdelvoltreganes\/wp-json\/wp\/v2\/categories?post=744"},{"taxonomy":"post_tag","embeddable":true,"href":"https:\/\/agora.xtec.cat\/iesdelvoltreganes\/wp-json\/wp\/v2\/tags?post=744"}],"curies":[{"name":"wp","href":"https:\/\/api.w.org\/{rel}","templated":true}]}}