{"id":7413,"date":"2025-11-25T13:17:03","date_gmt":"2025-11-25T12:17:03","guid":{"rendered":"https:\/\/agora.xtec.cat\/iesdelvoltreganes\/?p=7413"},"modified":"2025-12-01T08:02:55","modified_gmt":"2025-12-01T07:02:55","slug":"jornades-anuals-de-memoria-democratica","status":"publish","type":"post","link":"https:\/\/agora.xtec.cat\/iesdelvoltreganes\/general\/jornades-anuals-de-memoria-democratica\/","title":{"rendered":"Jornades anuals de Mem\u00f2ria Democr\u00e0tica"},"content":{"rendered":"<div>L&#8217;alumnat de 1r de Batxillerat va participar a les jornades anuals de Mem\u00f2ria Democr\u00e0tica que, aquest any, tenien el Voltregan\u00e8s com a amfitri\u00f3. Al llarg del mat\u00ed van poder reflexionar sobre el paper de l&#8217;esport en la societat i en la pol\u00edtica amb la visualitzaci\u00f3 de la pel\u00b7l\u00edcula<i>\u00a0L&#8217;heroi de Berl\u00edn\u00a0<\/i>aix\u00ed com amb la taula rodona encap\u00e7aclada per personalitats vinculades a l&#8217;esport (Ramon Besa, Oleguer Presas, Maria Anglada i Ramon Sitj\u00e0).<\/div>\n<div><\/div>\n<div><\/div>\n<div>\n<div>Tamb\u00e9 van poder entendre millor com fer un treball de recerca amb les presentacions d&#8217;alumnes i exalumnes de l&#8217;Institut que van explicar les seves experi\u00e8ncies a l&#8217;hora de realitzar-los. Aquestes jornades, compromeses amb el pensament cr\u00edtic, van ajudar l&#8217;alumnat a plantejar-se preguntes i posar-lo en pr\u00e0ctica.<\/div>\n<\/div>\n<div><\/div>\n<div><\/div>\n<div>\n<div><\/div>\n<\/div>\n<div><a href=\"https:\/\/agora.xtec.cat\/iesdelvoltreganes\/wp-content\/uploads\/usu618\/2025\/11\/1.png\"><img loading=\"lazy\" decoding=\"async\" class=\"size-full wp-image-7414 aligncenter\" src=\"https:\/\/agora.xtec.cat\/iesdelvoltreganes\/wp-content\/uploads\/usu618\/2025\/11\/1.png\" alt=\"\" width=\"415\" height=\"451\" srcset=\"https:\/\/agora.xtec.cat\/iesdelvoltreganes\/wp-content\/uploads\/usu618\/2025\/11\/1.png 415w, https:\/\/agora.xtec.cat\/iesdelvoltreganes\/wp-content\/uploads\/usu618\/2025\/11\/1-276x300.png 276w\" sizes=\"auto, (max-width: 415px) 100vw, 415px\" \/><\/a> <a href=\"https:\/\/agora.xtec.cat\/iesdelvoltreganes\/wp-content\/uploads\/usu618\/2025\/11\/2.png\"><img loading=\"lazy\" decoding=\"async\" class=\"size-full wp-image-7415 aligncenter\" src=\"https:\/\/agora.xtec.cat\/iesdelvoltreganes\/wp-content\/uploads\/usu618\/2025\/11\/2.png\" alt=\"\" width=\"399\" height=\"436\" srcset=\"https:\/\/agora.xtec.cat\/iesdelvoltreganes\/wp-content\/uploads\/usu618\/2025\/11\/2.png 399w, https:\/\/agora.xtec.cat\/iesdelvoltreganes\/wp-content\/uploads\/usu618\/2025\/11\/2-275x300.png 275w\" sizes=\"auto, (max-width: 399px) 100vw, 399px\" \/><\/a> <a href=\"https:\/\/agora.xtec.cat\/iesdelvoltreganes\/wp-content\/uploads\/usu618\/2025\/11\/3.png\"><img loading=\"lazy\" decoding=\"async\" class=\"size-full wp-image-7416 aligncenter\" src=\"https:\/\/agora.xtec.cat\/iesdelvoltreganes\/wp-content\/uploads\/usu618\/2025\/11\/3.png\" alt=\"\" width=\"439\" height=\"487\" srcset=\"https:\/\/agora.xtec.cat\/iesdelvoltreganes\/wp-content\/uploads\/usu618\/2025\/11\/3.png 439w, https:\/\/agora.xtec.cat\/iesdelvoltreganes\/wp-content\/uploads\/usu618\/2025\/11\/3-270x300.png 270w\" sizes=\"auto, (max-width: 439px) 100vw, 439px\" \/><\/a> <a href=\"https:\/\/agora.xtec.cat\/iesdelvoltreganes\/wp-content\/uploads\/usu618\/2025\/11\/4.png\"><img loading=\"lazy\" decoding=\"async\" class=\"size-full wp-image-7417 aligncenter\" src=\"https:\/\/agora.xtec.cat\/iesdelvoltreganes\/wp-content\/uploads\/usu618\/2025\/11\/4.png\" alt=\"\" width=\"829\" height=\"423\" srcset=\"https:\/\/agora.xtec.cat\/iesdelvoltreganes\/wp-content\/uploads\/usu618\/2025\/11\/4.png 829w, https:\/\/agora.xtec.cat\/iesdelvoltreganes\/wp-content\/uploads\/usu618\/2025\/11\/4-300x153.png 300w, https:\/\/agora.xtec.cat\/iesdelvoltreganes\/wp-content\/uploads\/usu618\/2025\/11\/4-768x392.png 768w\" sizes=\"auto, (max-width: 829px) 100vw, 829px\" \/><\/a> <a href=\"https:\/\/agora.xtec.cat\/iesdelvoltreganes\/wp-content\/uploads\/usu618\/2025\/11\/5.png\"><img loading=\"lazy\" decoding=\"async\" class=\"size-full wp-image-7418 aligncenter\" src=\"https:\/\/agora.xtec.cat\/iesdelvoltreganes\/wp-content\/uploads\/usu618\/2025\/11\/5.png\" alt=\"\" width=\"429\" height=\"508\" srcset=\"https:\/\/agora.xtec.cat\/iesdelvoltreganes\/wp-content\/uploads\/usu618\/2025\/11\/5.png 429w, https:\/\/agora.xtec.cat\/iesdelvoltreganes\/wp-content\/uploads\/usu618\/2025\/11\/5-253x300.png 253w\" sizes=\"auto, (max-width: 429px) 100vw, 429px\" \/><\/a><\/div>\n<div><\/div>\n","protected":false},"excerpt":{"rendered":"<p>L&#8217;alumnat de 1r de Batxillerat va participar a les jornades anuals de Mem\u00f2ria Democr\u00e0tica que, aquest any, tenien el Voltregan\u00e8s com a amfitri\u00f3. Al llarg del mat\u00ed van poder reflexionar sobre el paper de l&#8217;esport en la societat i en la pol\u00edtica amb la visualitzaci\u00f3&hellip;  <a href=\"https:\/\/agora.xtec.cat\/iesdelvoltreganes\/general\/jornades-anuals-de-memoria-democratica\/\" title=\"Read Jornades anuals de Mem\u00f2ria Democr\u00e0tica\">Llegeix m\u00e9s\u00bb<\/a><\/p>\n","protected":false},"author":55,"featured_media":0,"comment_status":"open","ping_status":"open","sticky":false,"template":"","format":"standard","meta":{"_bbp_topic_count":0,"_bbp_reply_count":0,"_bbp_total_topic_count":0,"_bbp_total_reply_count":0,"_bbp_voice_count":0,"_bbp_anonymous_reply_count":0,"_bbp_topic_count_hidden":0,"_bbp_reply_count_hidden":0,"_bbp_forum_subforum_count":0,"footnotes":""},"categories":[8,66,1,29],"tags":[],"class_list":["post-7413","post","type-post","status-publish","format-standard","hentry","category-batxillerat","category-ciencies-socials","category-general","category-portada"],"post_mailing_queue_ids":[],"_links":{"self":[{"href":"https:\/\/agora.xtec.cat\/iesdelvoltreganes\/wp-json\/wp\/v2\/posts\/7413","targetHints":{"allow":["GET"]}}],"collection":[{"href":"https:\/\/agora.xtec.cat\/iesdelvoltreganes\/wp-json\/wp\/v2\/posts"}],"about":[{"href":"https:\/\/agora.xtec.cat\/iesdelvoltreganes\/wp-json\/wp\/v2\/types\/post"}],"author":[{"embeddable":true,"href":"https:\/\/agora.xtec.cat\/iesdelvoltreganes\/wp-json\/wp\/v2\/users\/55"}],"replies":[{"embeddable":true,"href":"https:\/\/agora.xtec.cat\/iesdelvoltreganes\/wp-json\/wp\/v2\/comments?post=7413"}],"version-history":[{"count":2,"href":"https:\/\/agora.xtec.cat\/iesdelvoltreganes\/wp-json\/wp\/v2\/posts\/7413\/revisions"}],"predecessor-version":[{"id":7421,"href":"https:\/\/agora.xtec.cat\/iesdelvoltreganes\/wp-json\/wp\/v2\/posts\/7413\/revisions\/7421"}],"wp:attachment":[{"href":"https:\/\/agora.xtec.cat\/iesdelvoltreganes\/wp-json\/wp\/v2\/media?parent=7413"}],"wp:term":[{"taxonomy":"category","embeddable":true,"href":"https:\/\/agora.xtec.cat\/iesdelvoltreganes\/wp-json\/wp\/v2\/categories?post=7413"},{"taxonomy":"post_tag","embeddable":true,"href":"https:\/\/agora.xtec.cat\/iesdelvoltreganes\/wp-json\/wp\/v2\/tags?post=7413"}],"curies":[{"name":"wp","href":"https:\/\/api.w.org\/{rel}","templated":true}]}}