{"id":7409,"date":"2025-11-25T08:04:29","date_gmt":"2025-11-25T07:04:29","guid":{"rendered":"https:\/\/agora.xtec.cat\/iesdelvoltreganes\/?p=7409"},"modified":"2025-11-25T08:04:29","modified_gmt":"2025-11-25T07:04:29","slug":"sortida-al-parc-daventura-de-centelles-3r-deso","status":"publish","type":"post","link":"https:\/\/agora.xtec.cat\/iesdelvoltreganes\/general\/sortida-al-parc-daventura-de-centelles-3r-deso\/","title":{"rendered":"Sortida al parc d&#8217;aventura de Centelles 3r d&#8217;ESO"},"content":{"rendered":"<p>Vam anar a Centelles a una sortida organitzada per educaci\u00f3 f\u00edsica. Els alumnes van fer r\u00e0pel, escalada, tirolines, tir amb arc i una cursa d&#8217;orientaci\u00f3. Ens ho vam passar d&#8217;all\u00f2 m\u00e9s b\u00e9! Per veure m\u00e9s fotos i v\u00eddeos consulta el nostre Instagram.<\/p>\n<p>&nbsp;<\/p>\n<p><a href=\"https:\/\/agora.xtec.cat\/iesdelvoltreganes\/wp-content\/uploads\/usu618\/2025\/11\/foto-1.png\"><img loading=\"lazy\" decoding=\"async\" class=\"alignnone size-full wp-image-7410\" src=\"https:\/\/agora.xtec.cat\/iesdelvoltreganes\/wp-content\/uploads\/usu618\/2025\/11\/foto-1.png\" alt=\"\" width=\"456\" height=\"546\" srcset=\"https:\/\/agora.xtec.cat\/iesdelvoltreganes\/wp-content\/uploads\/usu618\/2025\/11\/foto-1.png 456w, https:\/\/agora.xtec.cat\/iesdelvoltreganes\/wp-content\/uploads\/usu618\/2025\/11\/foto-1-251x300.png 251w\" sizes=\"auto, (max-width: 456px) 100vw, 456px\" \/><\/a> <a href=\"https:\/\/agora.xtec.cat\/iesdelvoltreganes\/wp-content\/uploads\/usu618\/2025\/11\/foto-2.png\"><img loading=\"lazy\" decoding=\"async\" class=\"alignnone  wp-image-7411\" src=\"https:\/\/agora.xtec.cat\/iesdelvoltreganes\/wp-content\/uploads\/usu618\/2025\/11\/foto-2.png\" alt=\"\" width=\"490\" height=\"543\" srcset=\"https:\/\/agora.xtec.cat\/iesdelvoltreganes\/wp-content\/uploads\/usu618\/2025\/11\/foto-2.png 417w, https:\/\/agora.xtec.cat\/iesdelvoltreganes\/wp-content\/uploads\/usu618\/2025\/11\/foto-2-271x300.png 271w\" sizes=\"auto, (max-width: 490px) 100vw, 490px\" \/><\/a><\/p>\n","protected":false},"excerpt":{"rendered":"<p>Vam anar a Centelles a una sortida organitzada per educaci\u00f3 f\u00edsica. Els alumnes van fer r\u00e0pel, escalada, tirolines, tir amb arc i una cursa d&#8217;orientaci\u00f3. Ens ho vam passar d&#8217;all\u00f2 m\u00e9s b\u00e9! Per veure m\u00e9s fotos i v\u00eddeos consulta el nostre Instagram.<br \/>\n&nbsp;<br \/>\n<a href=\"https:\/\/agora.xtec.cat\/iesdelvoltreganes\/wp-content\/uploads\/usu618\/2025\/11\/foto-1.png\"><\/a> <a href=\"https:\/\/agora.xtec.cat\/iesdelvoltreganes\/wp-content\/uploads\/usu618\/2025\/11\/foto-2.png\"><\/a><\/p>\n","protected":false},"author":55,"featured_media":0,"comment_status":"open","ping_status":"open","sticky":false,"template":"","format":"standard","meta":{"_bbp_topic_count":0,"_bbp_reply_count":0,"_bbp_total_topic_count":0,"_bbp_total_reply_count":0,"_bbp_voice_count":0,"_bbp_anonymous_reply_count":0,"_bbp_topic_count_hidden":0,"_bbp_reply_count_hidden":0,"_bbp_forum_subforum_count":0,"footnotes":""},"categories":[67,6,1,29],"tags":[],"class_list":["post-7409","post","type-post","status-publish","format-standard","hentry","category-educacio-fisica","category-eso-3","category-general","category-portada"],"post_mailing_queue_ids":[],"_links":{"self":[{"href":"https:\/\/agora.xtec.cat\/iesdelvoltreganes\/wp-json\/wp\/v2\/posts\/7409","targetHints":{"allow":["GET"]}}],"collection":[{"href":"https:\/\/agora.xtec.cat\/iesdelvoltreganes\/wp-json\/wp\/v2\/posts"}],"about":[{"href":"https:\/\/agora.xtec.cat\/iesdelvoltreganes\/wp-json\/wp\/v2\/types\/post"}],"author":[{"embeddable":true,"href":"https:\/\/agora.xtec.cat\/iesdelvoltreganes\/wp-json\/wp\/v2\/users\/55"}],"replies":[{"embeddable":true,"href":"https:\/\/agora.xtec.cat\/iesdelvoltreganes\/wp-json\/wp\/v2\/comments?post=7409"}],"version-history":[{"count":1,"href":"https:\/\/agora.xtec.cat\/iesdelvoltreganes\/wp-json\/wp\/v2\/posts\/7409\/revisions"}],"predecessor-version":[{"id":7412,"href":"https:\/\/agora.xtec.cat\/iesdelvoltreganes\/wp-json\/wp\/v2\/posts\/7409\/revisions\/7412"}],"wp:attachment":[{"href":"https:\/\/agora.xtec.cat\/iesdelvoltreganes\/wp-json\/wp\/v2\/media?parent=7409"}],"wp:term":[{"taxonomy":"category","embeddable":true,"href":"https:\/\/agora.xtec.cat\/iesdelvoltreganes\/wp-json\/wp\/v2\/categories?post=7409"},{"taxonomy":"post_tag","embeddable":true,"href":"https:\/\/agora.xtec.cat\/iesdelvoltreganes\/wp-json\/wp\/v2\/tags?post=7409"}],"curies":[{"name":"wp","href":"https:\/\/api.w.org\/{rel}","templated":true}]}}