{"id":7402,"date":"2025-11-24T08:57:43","date_gmt":"2025-11-24T07:57:43","guid":{"rendered":"https:\/\/agora.xtec.cat\/iesdelvoltreganes\/?p=7402"},"modified":"2025-11-24T08:57:43","modified_gmt":"2025-11-24T07:57:43","slug":"taller-lescriptura-a-ledat-medieval","status":"publish","type":"post","link":"https:\/\/agora.xtec.cat\/iesdelvoltreganes\/general\/taller-lescriptura-a-ledat-medieval\/","title":{"rendered":"Taller: L&#8217;escriptura a l&#8217;Edat Medieval"},"content":{"rendered":"<p><span style=\"font-weight: 400;\">El 19\/11\/2025 l\u2019alumnat de 2n d\u2019ESO van fer un taller sobre l\u2019escriptura medieval. Ens va visitar en Sergi, treballador del monestir de Ripoll, i ens va explicar com ho feien els monjos a l\u2019Edat mitjana: amb molta precisi\u00f3, pr\u00e0ctica i sobretot molta paci\u00e8ncia.<\/span><\/p>\n<p><a href=\"https:\/\/agora.xtec.cat\/iesdelvoltreganes\/wp-content\/uploads\/usu618\/2025\/11\/IMG-20251119-WA0053.jpg\"><img loading=\"lazy\" decoding=\"async\" class=\" wp-image-7403 aligncenter\" src=\"https:\/\/agora.xtec.cat\/iesdelvoltreganes\/wp-content\/uploads\/usu618\/2025\/11\/IMG-20251119-WA0053.jpg\" alt=\"\" width=\"887\" height=\"666\" srcset=\"https:\/\/agora.xtec.cat\/iesdelvoltreganes\/wp-content\/uploads\/usu618\/2025\/11\/IMG-20251119-WA0053.jpg 1600w, https:\/\/agora.xtec.cat\/iesdelvoltreganes\/wp-content\/uploads\/usu618\/2025\/11\/IMG-20251119-WA0053-300x225.jpg 300w, https:\/\/agora.xtec.cat\/iesdelvoltreganes\/wp-content\/uploads\/usu618\/2025\/11\/IMG-20251119-WA0053-1024x768.jpg 1024w, https:\/\/agora.xtec.cat\/iesdelvoltreganes\/wp-content\/uploads\/usu618\/2025\/11\/IMG-20251119-WA0053-768x576.jpg 768w, https:\/\/agora.xtec.cat\/iesdelvoltreganes\/wp-content\/uploads\/usu618\/2025\/11\/IMG-20251119-WA0053-1536x1152.jpg 1536w, https:\/\/agora.xtec.cat\/iesdelvoltreganes\/wp-content\/uploads\/usu618\/2025\/11\/IMG-20251119-WA0053-200x150.jpg 200w\" sizes=\"auto, (max-width: 887px) 100vw, 887px\" \/><\/a> <a href=\"https:\/\/agora.xtec.cat\/iesdelvoltreganes\/wp-content\/uploads\/usu618\/2025\/11\/IMG-20251119-WA0039.jpg\"><img loading=\"lazy\" decoding=\"async\" class=\"wp-image-7404 aligncenter\" src=\"https:\/\/agora.xtec.cat\/iesdelvoltreganes\/wp-content\/uploads\/usu618\/2025\/11\/IMG-20251119-WA0039.jpg\" alt=\"\" width=\"1067\" height=\"1423\" srcset=\"https:\/\/agora.xtec.cat\/iesdelvoltreganes\/wp-content\/uploads\/usu618\/2025\/11\/IMG-20251119-WA0039.jpg 1200w, https:\/\/agora.xtec.cat\/iesdelvoltreganes\/wp-content\/uploads\/usu618\/2025\/11\/IMG-20251119-WA0039-225x300.jpg 225w, https:\/\/agora.xtec.cat\/iesdelvoltreganes\/wp-content\/uploads\/usu618\/2025\/11\/IMG-20251119-WA0039-768x1024.jpg 768w, https:\/\/agora.xtec.cat\/iesdelvoltreganes\/wp-content\/uploads\/usu618\/2025\/11\/IMG-20251119-WA0039-1152x1536.jpg 1152w\" sizes=\"auto, (max-width: 1067px) 100vw, 1067px\" \/><\/a> <a href=\"https:\/\/agora.xtec.cat\/iesdelvoltreganes\/wp-content\/uploads\/usu618\/2025\/11\/IMG-20251119-WA0026.jpg\"><img loading=\"lazy\" decoding=\"async\" class=\"size-full wp-image-7405 aligncenter\" src=\"https:\/\/agora.xtec.cat\/iesdelvoltreganes\/wp-content\/uploads\/usu618\/2025\/11\/IMG-20251119-WA0026.jpg\" alt=\"\" width=\"1200\" height=\"1600\" srcset=\"https:\/\/agora.xtec.cat\/iesdelvoltreganes\/wp-content\/uploads\/usu618\/2025\/11\/IMG-20251119-WA0026.jpg 1200w, https:\/\/agora.xtec.cat\/iesdelvoltreganes\/wp-content\/uploads\/usu618\/2025\/11\/IMG-20251119-WA0026-225x300.jpg 225w, https:\/\/agora.xtec.cat\/iesdelvoltreganes\/wp-content\/uploads\/usu618\/2025\/11\/IMG-20251119-WA0026-768x1024.jpg 768w, https:\/\/agora.xtec.cat\/iesdelvoltreganes\/wp-content\/uploads\/usu618\/2025\/11\/IMG-20251119-WA0026-1152x1536.jpg 1152w\" sizes=\"auto, (max-width: 1200px) 100vw, 1200px\" \/><\/a> <a href=\"https:\/\/agora.xtec.cat\/iesdelvoltreganes\/wp-content\/uploads\/usu618\/2025\/11\/IMG-20251119-WA0019.jpg\"><img loading=\"lazy\" decoding=\"async\" class=\"size-full wp-image-7406 aligncenter\" src=\"https:\/\/agora.xtec.cat\/iesdelvoltreganes\/wp-content\/uploads\/usu618\/2025\/11\/IMG-20251119-WA0019.jpg\" alt=\"\" width=\"1200\" height=\"1600\" srcset=\"https:\/\/agora.xtec.cat\/iesdelvoltreganes\/wp-content\/uploads\/usu618\/2025\/11\/IMG-20251119-WA0019.jpg 1200w, https:\/\/agora.xtec.cat\/iesdelvoltreganes\/wp-content\/uploads\/usu618\/2025\/11\/IMG-20251119-WA0019-225x300.jpg 225w, https:\/\/agora.xtec.cat\/iesdelvoltreganes\/wp-content\/uploads\/usu618\/2025\/11\/IMG-20251119-WA0019-768x1024.jpg 768w, https:\/\/agora.xtec.cat\/iesdelvoltreganes\/wp-content\/uploads\/usu618\/2025\/11\/IMG-20251119-WA0019-1152x1536.jpg 1152w\" sizes=\"auto, (max-width: 1200px) 100vw, 1200px\" \/><\/a><\/p>\n","protected":false},"excerpt":{"rendered":"<p>El 19\/11\/2025 l\u2019alumnat de 2n d\u2019ESO van fer un taller sobre l\u2019escriptura medieval. Ens va visitar en Sergi, treballador del monestir de Ripoll, i ens va explicar com ho feien els monjos a l\u2019Edat mitjana: amb molta precisi\u00f3, pr\u00e0ctica i sobretot molta paci\u00e8ncia.<br \/>\n<a href=\"https:\/\/agora.xtec.cat\/iesdelvoltreganes\/wp-content\/uploads\/usu618\/2025\/11\/IMG-20251119-WA0053.jpg\"><\/a> <a&hellip;  <a href=\"https:\/\/agora.xtec.cat\/iesdelvoltreganes\/general\/taller-lescriptura-a-ledat-medieval\/\" title=\"Read Taller: L&#8217;escriptura a l&#8217;Edat Medieval\">Llegeix m\u00e9s\u00bb<\/a><\/p>\n","protected":false},"author":55,"featured_media":0,"comment_status":"open","ping_status":"open","sticky":false,"template":"","format":"standard","meta":{"_bbp_topic_count":0,"_bbp_reply_count":0,"_bbp_total_topic_count":0,"_bbp_total_reply_count":0,"_bbp_voice_count":0,"_bbp_anonymous_reply_count":0,"_bbp_topic_count_hidden":0,"_bbp_reply_count_hidden":0,"_bbp_forum_subforum_count":0,"footnotes":""},"categories":[66,5,1,72,29],"tags":[],"class_list":["post-7402","post","type-post","status-publish","format-standard","hentry","category-ciencies-socials","category-eso-2","category-general","category-llengues-i-literatura","category-portada"],"post_mailing_queue_ids":[],"_links":{"self":[{"href":"https:\/\/agora.xtec.cat\/iesdelvoltreganes\/wp-json\/wp\/v2\/posts\/7402","targetHints":{"allow":["GET"]}}],"collection":[{"href":"https:\/\/agora.xtec.cat\/iesdelvoltreganes\/wp-json\/wp\/v2\/posts"}],"about":[{"href":"https:\/\/agora.xtec.cat\/iesdelvoltreganes\/wp-json\/wp\/v2\/types\/post"}],"author":[{"embeddable":true,"href":"https:\/\/agora.xtec.cat\/iesdelvoltreganes\/wp-json\/wp\/v2\/users\/55"}],"replies":[{"embeddable":true,"href":"https:\/\/agora.xtec.cat\/iesdelvoltreganes\/wp-json\/wp\/v2\/comments?post=7402"}],"version-history":[{"count":1,"href":"https:\/\/agora.xtec.cat\/iesdelvoltreganes\/wp-json\/wp\/v2\/posts\/7402\/revisions"}],"predecessor-version":[{"id":7407,"href":"https:\/\/agora.xtec.cat\/iesdelvoltreganes\/wp-json\/wp\/v2\/posts\/7402\/revisions\/7407"}],"wp:attachment":[{"href":"https:\/\/agora.xtec.cat\/iesdelvoltreganes\/wp-json\/wp\/v2\/media?parent=7402"}],"wp:term":[{"taxonomy":"category","embeddable":true,"href":"https:\/\/agora.xtec.cat\/iesdelvoltreganes\/wp-json\/wp\/v2\/categories?post=7402"},{"taxonomy":"post_tag","embeddable":true,"href":"https:\/\/agora.xtec.cat\/iesdelvoltreganes\/wp-json\/wp\/v2\/tags?post=7402"}],"curies":[{"name":"wp","href":"https:\/\/api.w.org\/{rel}","templated":true}]}}