{"id":7373,"date":"2025-10-29T11:50:16","date_gmt":"2025-10-29T10:50:16","guid":{"rendered":"https:\/\/agora.xtec.cat\/iesdelvoltreganes\/?p=7373"},"modified":"2025-12-01T08:01:45","modified_gmt":"2025-12-01T07:01:45","slug":"consell-escolar-25-26","status":"publish","type":"post","link":"https:\/\/agora.xtec.cat\/iesdelvoltreganes\/general\/consell-escolar-25-26\/","title":{"rendered":"Consell escolar 25\/26"},"content":{"rendered":"<p data-start=\"114\" data-end=\"185\">Aquest curs hi ha <strong data-start=\"132\" data-end=\"164\">eleccions al Consell Escolar<\/strong> del nostre centre.<\/p>\n<p data-start=\"187\" data-end=\"299\">Els <strong data-start=\"191\" data-end=\"212\">censos electorals<\/strong> estan disponibles al <strong data-start=\"234\" data-end=\"257\">plaf\u00f3 de Secretaria<\/strong>. Cal venir al centre per consultar-los.<\/p>\n<p data-start=\"301\" data-end=\"382\">A continuaci\u00f3 trobareu la <strong data-start=\"327\" data-end=\"379\">documentaci\u00f3 relacionada amb el proc\u00e9s electoral<\/strong>:<\/p>\n<ul data-start=\"383\" data-end=\"513\">\n<li data-start=\"383\" data-end=\"402\">\n<p data-start=\"385\" data-end=\"402\"><a href=\"https:\/\/drive.google.com\/file\/d\/1ftSDBCJafSrRi5o-YQAVnQNLldR8p2z4\/view?usp=sharing\">Cartell oficial<\/a><\/p>\n<\/li>\n<li data-start=\"403\" data-end=\"437\">\n<p data-start=\"405\" data-end=\"437\"><a href=\"https:\/\/drive.google.com\/file\/d\/1YVBzvZ2JW1bI4ChpqTgoDLv_phkWmC4v\/view?usp=sharing\">Calendari del proc\u00e9s al centre<\/a><\/p>\n<\/li>\n<li data-start=\"438\" data-end=\"470\">\n<p data-start=\"440\" data-end=\"470\"><a href=\"https:\/\/drive.google.com\/file\/d\/1n6hXPb3Dui220p8cdnq-bye4_F3l0cx2\/view?usp=sharing\">Membres que s\u2019han de renovar<\/a><\/p>\n<\/li>\n<li data-start=\"471\" data-end=\"513\">\n<p data-start=\"473\" data-end=\"513\"><a href=\"https:\/\/drive.google.com\/file\/d\/1t2r4SpyEOJ1BdieRcNpE6QTD2MjdyL7m\/view?usp=sharing\">Formulari per presentar la candidatura<\/a><\/p>\n<\/li>\n<\/ul>\n<p data-start=\"515\" data-end=\"541\">Us animem a participar-hi!<\/p>\n<p data-start=\"515\" data-end=\"541\"><a href=\"https:\/\/agora.xtec.cat\/iesdelvoltreganes\/wp-content\/uploads\/usu618\/2025\/10\/Captura-de-pantalla-2025-10-29-115045.png\"><img loading=\"lazy\" decoding=\"async\" class=\"size-full wp-image-7375 aligncenter\" src=\"https:\/\/agora.xtec.cat\/iesdelvoltreganes\/wp-content\/uploads\/usu618\/2025\/10\/Captura-de-pantalla-2025-10-29-115045.png\" alt=\"\" width=\"553\" height=\"762\" srcset=\"https:\/\/agora.xtec.cat\/iesdelvoltreganes\/wp-content\/uploads\/usu618\/2025\/10\/Captura-de-pantalla-2025-10-29-115045.png 553w, https:\/\/agora.xtec.cat\/iesdelvoltreganes\/wp-content\/uploads\/usu618\/2025\/10\/Captura-de-pantalla-2025-10-29-115045-218x300.png 218w\" sizes=\"auto, (max-width: 553px) 100vw, 553px\" \/><\/a><\/p>\n<p data-start=\"515\" data-end=\"541\">\n","protected":false},"excerpt":{"rendered":"<p>Aquest curs hi ha eleccions al Consell Escolar del nostre centre.<br \/>\nEls censos electorals estan disponibles al plaf\u00f3 de Secretaria. Cal venir al centre per consultar-los.<br \/>\nA continuaci\u00f3 trobareu la documentaci\u00f3 relacionada amb el proc\u00e9s electoral:<\/p>\n<ul data-start=\"383\" data-end=\"513\">\n<li data-start=\"383\" data-end=\"402\">\n<a href=\"https:\/\/drive.google.com\/file\/d\/1ftSDBCJafSrRi5o-YQAVnQNLldR8p2z4\/view?usp=sharing\">Cartell oficial<\/a>\n<\/li>\n<li data-start=\"403\" data-end=\"437\">\n<a href=\"https:\/\/drive.google.com\/file\/d\/1YVBzvZ2JW1bI4ChpqTgoDLv_phkWmC4v\/view?usp=sharing\">Calendari del proc\u00e9s&hellip;  <a href=\"https:\/\/agora.xtec.cat\/iesdelvoltreganes\/general\/consell-escolar-25-26\/\" title=\"Read Consell escolar 25\/26\">Llegeix m\u00e9s\u00bb<\/a><\/p>\n","protected":false},"author":55,"featured_media":0,"comment_status":"open","ping_status":"open","sticky":false,"template":"","format":"standard","meta":{"_bbp_topic_count":0,"_bbp_reply_count":0,"_bbp_total_topic_count":0,"_bbp_total_reply_count":0,"_bbp_voice_count":0,"_bbp_anonymous_reply_count":0,"_bbp_topic_count_hidden":0,"_bbp_reply_count_hidden":0,"_bbp_forum_subforum_count":0,"footnotes":""},"categories":[1,29],"tags":[],"class_list":["post-7373","post","type-post","status-publish","format-standard","hentry","category-general","category-portada"],"post_mailing_queue_ids":[],"_links":{"self":[{"href":"https:\/\/agora.xtec.cat\/iesdelvoltreganes\/wp-json\/wp\/v2\/posts\/7373","targetHints":{"allow":["GET"]}}],"collection":[{"href":"https:\/\/agora.xtec.cat\/iesdelvoltreganes\/wp-json\/wp\/v2\/posts"}],"about":[{"href":"https:\/\/agora.xtec.cat\/iesdelvoltreganes\/wp-json\/wp\/v2\/types\/post"}],"author":[{"embeddable":true,"href":"https:\/\/agora.xtec.cat\/iesdelvoltreganes\/wp-json\/wp\/v2\/users\/55"}],"replies":[{"embeddable":true,"href":"https:\/\/agora.xtec.cat\/iesdelvoltreganes\/wp-json\/wp\/v2\/comments?post=7373"}],"version-history":[{"count":3,"href":"https:\/\/agora.xtec.cat\/iesdelvoltreganes\/wp-json\/wp\/v2\/posts\/7373\/revisions"}],"predecessor-version":[{"id":7420,"href":"https:\/\/agora.xtec.cat\/iesdelvoltreganes\/wp-json\/wp\/v2\/posts\/7373\/revisions\/7420"}],"wp:attachment":[{"href":"https:\/\/agora.xtec.cat\/iesdelvoltreganes\/wp-json\/wp\/v2\/media?parent=7373"}],"wp:term":[{"taxonomy":"category","embeddable":true,"href":"https:\/\/agora.xtec.cat\/iesdelvoltreganes\/wp-json\/wp\/v2\/categories?post=7373"},{"taxonomy":"post_tag","embeddable":true,"href":"https:\/\/agora.xtec.cat\/iesdelvoltreganes\/wp-json\/wp\/v2\/tags?post=7373"}],"curies":[{"name":"wp","href":"https:\/\/api.w.org\/{rel}","templated":true}]}}