{"id":7367,"date":"2025-10-27T11:23:39","date_gmt":"2025-10-27T10:23:39","guid":{"rendered":"https:\/\/agora.xtec.cat\/iesdelvoltreganes\/?p=7367"},"modified":"2025-10-27T11:23:39","modified_gmt":"2025-10-27T10:23:39","slug":"actualitzacio-dels-escuts-de-2n-deso","status":"publish","type":"post","link":"https:\/\/agora.xtec.cat\/iesdelvoltreganes\/eso\/eso-2\/actualitzacio-dels-escuts-de-2n-deso\/","title":{"rendered":"Actualitzaci\u00f3 dels escuts de 2n d&#8217;ESO"},"content":{"rendered":"<p>Els cavallers Eudald, Curial, Arnau, San\u00e7, Guerau, Guifr\u00e9 ja tenen els seus escuts. L\u2019alumnat de 2n ESO els ha elaborat seguint les normes i justificacions de l\u2019her\u00e0ldica.<\/p>\n<p><a href=\"https:\/\/agora.xtec.cat\/iesdelvoltreganes\/wp-content\/uploads\/usu618\/2025\/10\/es1.png\"><img loading=\"lazy\" decoding=\"async\" class=\"size-full wp-image-7368 aligncenter\" src=\"https:\/\/agora.xtec.cat\/iesdelvoltreganes\/wp-content\/uploads\/usu618\/2025\/10\/es1.png\" alt=\"\" width=\"703\" height=\"222\" srcset=\"https:\/\/agora.xtec.cat\/iesdelvoltreganes\/wp-content\/uploads\/usu618\/2025\/10\/es1.png 703w, https:\/\/agora.xtec.cat\/iesdelvoltreganes\/wp-content\/uploads\/usu618\/2025\/10\/es1-300x95.png 300w\" sizes=\"auto, (max-width: 703px) 100vw, 703px\" \/><\/a> <a href=\"https:\/\/agora.xtec.cat\/iesdelvoltreganes\/wp-content\/uploads\/usu618\/2025\/10\/es2.png\"><img loading=\"lazy\" decoding=\"async\" class=\"size-full wp-image-7369 aligncenter\" src=\"https:\/\/agora.xtec.cat\/iesdelvoltreganes\/wp-content\/uploads\/usu618\/2025\/10\/es2.png\" alt=\"\" width=\"768\" height=\"504\" srcset=\"https:\/\/agora.xtec.cat\/iesdelvoltreganes\/wp-content\/uploads\/usu618\/2025\/10\/es2.png 768w, https:\/\/agora.xtec.cat\/iesdelvoltreganes\/wp-content\/uploads\/usu618\/2025\/10\/es2-300x197.png 300w\" sizes=\"auto, (max-width: 768px) 100vw, 768px\" \/><\/a> <a href=\"https:\/\/agora.xtec.cat\/iesdelvoltreganes\/wp-content\/uploads\/usu618\/2025\/10\/es3.png\"><img loading=\"lazy\" decoding=\"async\" class=\"size-full wp-image-7370 aligncenter\" src=\"https:\/\/agora.xtec.cat\/iesdelvoltreganes\/wp-content\/uploads\/usu618\/2025\/10\/es3.png\" alt=\"\" width=\"814\" height=\"496\" srcset=\"https:\/\/agora.xtec.cat\/iesdelvoltreganes\/wp-content\/uploads\/usu618\/2025\/10\/es3.png 814w, https:\/\/agora.xtec.cat\/iesdelvoltreganes\/wp-content\/uploads\/usu618\/2025\/10\/es3-300x183.png 300w, https:\/\/agora.xtec.cat\/iesdelvoltreganes\/wp-content\/uploads\/usu618\/2025\/10\/es3-768x468.png 768w\" sizes=\"auto, (max-width: 814px) 100vw, 814px\" \/><\/a><\/p>\n","protected":false},"excerpt":{"rendered":"<p>Els cavallers Eudald, Curial, Arnau, San\u00e7, Guerau, Guifr\u00e9 ja tenen els seus escuts. L\u2019alumnat de 2n ESO els ha elaborat seguint les normes i justificacions de l\u2019her\u00e0ldica.<br \/>\n<a href=\"https:\/\/agora.xtec.cat\/iesdelvoltreganes\/wp-content\/uploads\/usu618\/2025\/10\/es1.png\"><\/a> <a href=\"https:\/\/agora.xtec.cat\/iesdelvoltreganes\/wp-content\/uploads\/usu618\/2025\/10\/es2.png\"><\/a> <a href=\"https:\/\/agora.xtec.cat\/iesdelvoltreganes\/wp-content\/uploads\/usu618\/2025\/10\/es3.png\"><\/a><\/p>\n","protected":false},"author":55,"featured_media":0,"comment_status":"open","ping_status":"open","sticky":false,"template":"","format":"standard","meta":{"_bbp_topic_count":0,"_bbp_reply_count":0,"_bbp_total_topic_count":0,"_bbp_total_reply_count":0,"_bbp_voice_count":0,"_bbp_anonymous_reply_count":0,"_bbp_topic_count_hidden":0,"_bbp_reply_count_hidden":0,"_bbp_forum_subforum_count":0,"footnotes":""},"categories":[66,5],"tags":[],"class_list":["post-7367","post","type-post","status-publish","format-standard","hentry","category-ciencies-socials","category-eso-2"],"post_mailing_queue_ids":[],"_links":{"self":[{"href":"https:\/\/agora.xtec.cat\/iesdelvoltreganes\/wp-json\/wp\/v2\/posts\/7367","targetHints":{"allow":["GET"]}}],"collection":[{"href":"https:\/\/agora.xtec.cat\/iesdelvoltreganes\/wp-json\/wp\/v2\/posts"}],"about":[{"href":"https:\/\/agora.xtec.cat\/iesdelvoltreganes\/wp-json\/wp\/v2\/types\/post"}],"author":[{"embeddable":true,"href":"https:\/\/agora.xtec.cat\/iesdelvoltreganes\/wp-json\/wp\/v2\/users\/55"}],"replies":[{"embeddable":true,"href":"https:\/\/agora.xtec.cat\/iesdelvoltreganes\/wp-json\/wp\/v2\/comments?post=7367"}],"version-history":[{"count":2,"href":"https:\/\/agora.xtec.cat\/iesdelvoltreganes\/wp-json\/wp\/v2\/posts\/7367\/revisions"}],"predecessor-version":[{"id":7372,"href":"https:\/\/agora.xtec.cat\/iesdelvoltreganes\/wp-json\/wp\/v2\/posts\/7367\/revisions\/7372"}],"wp:attachment":[{"href":"https:\/\/agora.xtec.cat\/iesdelvoltreganes\/wp-json\/wp\/v2\/media?parent=7367"}],"wp:term":[{"taxonomy":"category","embeddable":true,"href":"https:\/\/agora.xtec.cat\/iesdelvoltreganes\/wp-json\/wp\/v2\/categories?post=7367"},{"taxonomy":"post_tag","embeddable":true,"href":"https:\/\/agora.xtec.cat\/iesdelvoltreganes\/wp-json\/wp\/v2\/tags?post=7367"}],"curies":[{"name":"wp","href":"https:\/\/api.w.org\/{rel}","templated":true}]}}