{"id":7360,"date":"2025-10-24T12:01:02","date_gmt":"2025-10-24T10:01:02","guid":{"rendered":"https:\/\/agora.xtec.cat\/iesdelvoltreganes\/?p=7360"},"modified":"2025-10-24T12:01:02","modified_gmt":"2025-10-24T10:01:02","slug":"erasmus-segona-part-del-projecte-2025-2026","status":"publish","type":"post","link":"https:\/\/agora.xtec.cat\/iesdelvoltreganes\/general\/erasmus-segona-part-del-projecte-2025-2026\/","title":{"rendered":"Erasmus+ (segona part del projecte) 2025\/2026"},"content":{"rendered":"<p><span style=\"font-weight: 400;\">Ja hem comen\u00e7at la segona part del projecte Erasmus+ KA122 que vam comen\u00e7ar l\u2019any passat amb un intercanvi entre el nostre institut i un institut de Plovdiv (Bulg\u00e0ria). Fa m\u00e9s d\u2019un mes, del 1 al 5 de setembre vam rebre la visita preparat\u00f2ria de les dues professores d\u2019una escola de Dalby (Su\u00e8cia) per posar fil a l\u2019agulla al segon intercanvi que ha dut del 12 al 18 d\u2019octubre a 13 nois i noies de Su\u00e8cia al nostre poble. Aqu\u00ed han pogut visitar i interactuar amb dues entitats del nostre entorn com s\u00f3n el Club Pat\u00ed Voltreg\u00e0 i R\u00e0dio Voltreg\u00e0 i han visitat l\u2019ajuntament de Les Masies de Voltreg\u00e0 on l\u2019alcaldessa, Ver\u00f2nica Ruiz, els ha donat la benvinguda. Han set dies on hem compartit moltes experi\u00e8ncies conjuntament a m\u00e9s de visitar l\u2019entorn de La Fageda d\u2019en Jord\u00e0 i Barcelona. Ara ens falta la segona part: visitar-los a Dalby, Su\u00e8cia. Aix\u00f2 passar\u00e0 la primera setmana de febrer. Ja sabem que all\u00e0 practicarem un esport semblant al hoquei que es diu floorball, que ens ensenyaran a cuinar o que visitarem l\u2019entorn natural de Lund i coneixerem Malm\u00f6.<\/span><\/p>\n<p>&nbsp;<\/p>\n<p><a href=\"https:\/\/agora.xtec.cat\/iesdelvoltreganes\/wp-content\/uploads\/usu618\/2025\/10\/bona-2.png\"><img loading=\"lazy\" decoding=\"async\" class=\"size-full wp-image-7361 aligncenter\" src=\"https:\/\/agora.xtec.cat\/iesdelvoltreganes\/wp-content\/uploads\/usu618\/2025\/10\/bona-2.png\" alt=\"\" width=\"703\" height=\"349\" srcset=\"https:\/\/agora.xtec.cat\/iesdelvoltreganes\/wp-content\/uploads\/usu618\/2025\/10\/bona-2.png 703w, https:\/\/agora.xtec.cat\/iesdelvoltreganes\/wp-content\/uploads\/usu618\/2025\/10\/bona-2-300x149.png 300w\" sizes=\"auto, (max-width: 703px) 100vw, 703px\" \/><\/a> <a href=\"https:\/\/agora.xtec.cat\/iesdelvoltreganes\/wp-content\/uploads\/usu618\/2025\/10\/bona-3.png\"><img loading=\"lazy\" decoding=\"async\" class=\"size-full wp-image-7362 aligncenter\" src=\"https:\/\/agora.xtec.cat\/iesdelvoltreganes\/wp-content\/uploads\/usu618\/2025\/10\/bona-3.png\" alt=\"\" width=\"447\" height=\"363\" srcset=\"https:\/\/agora.xtec.cat\/iesdelvoltreganes\/wp-content\/uploads\/usu618\/2025\/10\/bona-3.png 447w, https:\/\/agora.xtec.cat\/iesdelvoltreganes\/wp-content\/uploads\/usu618\/2025\/10\/bona-3-300x244.png 300w\" sizes=\"auto, (max-width: 447px) 100vw, 447px\" \/><\/a> <a href=\"https:\/\/agora.xtec.cat\/iesdelvoltreganes\/wp-content\/uploads\/usu618\/2025\/10\/bona-4.png\"><img loading=\"lazy\" decoding=\"async\" class=\"size-full wp-image-7363 aligncenter\" src=\"https:\/\/agora.xtec.cat\/iesdelvoltreganes\/wp-content\/uploads\/usu618\/2025\/10\/bona-4.png\" alt=\"\" width=\"768\" height=\"417\" srcset=\"https:\/\/agora.xtec.cat\/iesdelvoltreganes\/wp-content\/uploads\/usu618\/2025\/10\/bona-4.png 768w, https:\/\/agora.xtec.cat\/iesdelvoltreganes\/wp-content\/uploads\/usu618\/2025\/10\/bona-4-300x163.png 300w\" sizes=\"auto, (max-width: 768px) 100vw, 768px\" \/><\/a> <a href=\"https:\/\/agora.xtec.cat\/iesdelvoltreganes\/wp-content\/uploads\/usu618\/2025\/10\/bona-5.png\"><img loading=\"lazy\" decoding=\"async\" class=\"size-full wp-image-7364 aligncenter\" src=\"https:\/\/agora.xtec.cat\/iesdelvoltreganes\/wp-content\/uploads\/usu618\/2025\/10\/bona-5.png\" alt=\"\" width=\"649\" height=\"427\" srcset=\"https:\/\/agora.xtec.cat\/iesdelvoltreganes\/wp-content\/uploads\/usu618\/2025\/10\/bona-5.png 649w, https:\/\/agora.xtec.cat\/iesdelvoltreganes\/wp-content\/uploads\/usu618\/2025\/10\/bona-5-300x197.png 300w\" sizes=\"auto, (max-width: 649px) 100vw, 649px\" \/><\/a><\/p>\n","protected":false},"excerpt":{"rendered":"<p>Ja hem comen\u00e7at la segona part del projecte Erasmus+ KA122 que vam comen\u00e7ar l\u2019any passat amb un intercanvi entre el nostre institut i un institut de Plovdiv (Bulg\u00e0ria). Fa m\u00e9s d\u2019un mes, del 1 al 5 de setembre vam rebre la visita preparat\u00f2ria de les&hellip;  <a href=\"https:\/\/agora.xtec.cat\/iesdelvoltreganes\/general\/erasmus-segona-part-del-projecte-2025-2026\/\" title=\"Read Erasmus+ (segona part del projecte) 2025\/2026\">Llegeix m\u00e9s\u00bb<\/a><\/p>\n","protected":false},"author":55,"featured_media":0,"comment_status":"open","ping_status":"open","sticky":false,"template":"","format":"standard","meta":{"_bbp_topic_count":0,"_bbp_reply_count":0,"_bbp_total_topic_count":0,"_bbp_total_reply_count":0,"_bbp_voice_count":0,"_bbp_anonymous_reply_count":0,"_bbp_topic_count_hidden":0,"_bbp_reply_count_hidden":0,"_bbp_forum_subforum_count":0,"footnotes":""},"categories":[8,1,29],"tags":[],"class_list":["post-7360","post","type-post","status-publish","format-standard","hentry","category-batxillerat","category-general","category-portada"],"post_mailing_queue_ids":[],"_links":{"self":[{"href":"https:\/\/agora.xtec.cat\/iesdelvoltreganes\/wp-json\/wp\/v2\/posts\/7360","targetHints":{"allow":["GET"]}}],"collection":[{"href":"https:\/\/agora.xtec.cat\/iesdelvoltreganes\/wp-json\/wp\/v2\/posts"}],"about":[{"href":"https:\/\/agora.xtec.cat\/iesdelvoltreganes\/wp-json\/wp\/v2\/types\/post"}],"author":[{"embeddable":true,"href":"https:\/\/agora.xtec.cat\/iesdelvoltreganes\/wp-json\/wp\/v2\/users\/55"}],"replies":[{"embeddable":true,"href":"https:\/\/agora.xtec.cat\/iesdelvoltreganes\/wp-json\/wp\/v2\/comments?post=7360"}],"version-history":[{"count":2,"href":"https:\/\/agora.xtec.cat\/iesdelvoltreganes\/wp-json\/wp\/v2\/posts\/7360\/revisions"}],"predecessor-version":[{"id":7366,"href":"https:\/\/agora.xtec.cat\/iesdelvoltreganes\/wp-json\/wp\/v2\/posts\/7360\/revisions\/7366"}],"wp:attachment":[{"href":"https:\/\/agora.xtec.cat\/iesdelvoltreganes\/wp-json\/wp\/v2\/media?parent=7360"}],"wp:term":[{"taxonomy":"category","embeddable":true,"href":"https:\/\/agora.xtec.cat\/iesdelvoltreganes\/wp-json\/wp\/v2\/categories?post=7360"},{"taxonomy":"post_tag","embeddable":true,"href":"https:\/\/agora.xtec.cat\/iesdelvoltreganes\/wp-json\/wp\/v2\/tags?post=7360"}],"curies":[{"name":"wp","href":"https:\/\/api.w.org\/{rel}","templated":true}]}}