{"id":7321,"date":"2025-09-29T08:40:38","date_gmt":"2025-09-29T06:40:38","guid":{"rendered":"https:\/\/agora.xtec.cat\/iesdelvoltreganes\/?p=7321"},"modified":"2025-09-29T08:40:38","modified_gmt":"2025-09-29T06:40:38","slug":"robotica-amb-valors-al-batxillerat","status":"publish","type":"post","link":"https:\/\/agora.xtec.cat\/iesdelvoltreganes\/batxillerat\/robotica-amb-valors-al-batxillerat\/","title":{"rendered":"Rob\u00f2tica amb valors al Batxillerat"},"content":{"rendered":"<p><span style=\"font-weight: 400;\">Els alumnes de l\u2019optativa de Rob\u00f2tica de Batxillerat han participat en el taller Repte Quanta a l\u2019Aula Digital Girbau de l\u2019Espai Rob\u00f2tic de Vic, una jornada intensa de 5 hores plena de creativitat i aprenentatges.<\/span><\/p>\n<ul>\n<li style=\"font-weight: 400;\" aria-level=\"1\"><span style=\"font-weight: 400;\">Primer han dissenyat el logo del seu equip, inspirant-se en els valors que els defineixen.<\/span><\/li>\n<li style=\"font-weight: 400;\" aria-level=\"1\"><span style=\"font-weight: 400;\">Despr\u00e9s han creat la medalla per al guanyador del concurs.<\/span><\/li>\n<li style=\"font-weight: 400;\" aria-level=\"1\"><span style=\"font-weight: 400;\">I finalment, han constru\u00eft i programat els seus robots per superar el Repte Quanta 2025: \u201cEnc\u00e9n una espelma per la Pau\u201d.<\/span><\/li>\n<\/ul>\n<p><span style=\"font-weight: 400;\">Els robots, de manera col\u00b7laborativa, havien d\u2019apagar quatre espelmes que simbolitzaven un conflicte b\u00e8l\u00b7lic i encendre l\u2019espelma central com a s\u00edmbol de pau. Tot aix\u00f2, en el temps m\u00e9s r\u00e0pid possible<\/span><\/p>\n<p><span style=\"font-weight: 400;\">Una activitat que combina tecnologia, treball en equip i consci\u00e8ncia social, apropant la rob\u00f2tica a temes d\u2019actualitat tan importants com els conflictes al m\u00f3n. <a href=\"https:\/\/agora.xtec.cat\/iesdelvoltreganes\/wp-content\/uploads\/usu618\/2025\/09\/20250918_091004.heic\"><img decoding=\"async\" class=\"alignnone size-full wp-image-7322\" src=\"https:\/\/agora.xtec.cat\/iesdelvoltreganes\/wp-content\/uploads\/usu618\/2025\/09\/20250918_091004.heic\" alt=\"\" \/><\/a> <a href=\"https:\/\/agora.xtec.cat\/iesdelvoltreganes\/wp-content\/uploads\/usu618\/2025\/09\/20250918_113800-1.heic\"><img decoding=\"async\" class=\"alignnone size-full wp-image-7323\" src=\"https:\/\/agora.xtec.cat\/iesdelvoltreganes\/wp-content\/uploads\/usu618\/2025\/09\/20250918_113800-1.heic\" alt=\"\" \/><\/a> <a href=\"https:\/\/agora.xtec.cat\/iesdelvoltreganes\/wp-content\/uploads\/usu618\/2025\/09\/20250918_091004-1.heic\"><img decoding=\"async\" class=\"alignnone size-full wp-image-7324\" src=\"https:\/\/agora.xtec.cat\/iesdelvoltreganes\/wp-content\/uploads\/usu618\/2025\/09\/20250918_091004-1.heic\" alt=\"\" \/><\/a> <\/span><\/p>\n<p><span style=\"font-weight: 400;\">Al seg\u00fcent enlla\u00e7 podeu veure les fotos de l&#8217;activitat: <a href=\"https:\/\/drive.google.com\/drive\/folders\/14ekSxRu5ocTvev5wSF72midy1h7pSol_?usp=sharing\">Enlla\u00e7<\/a><a href=\"https:\/\/agora.xtec.cat\/iesdelvoltreganes\/wp-content\/uploads\/usu618\/2025\/09\/20250918_113800-1-1.heic\"><img decoding=\"async\" class=\"alignnone size-full wp-image-7325\" src=\"https:\/\/agora.xtec.cat\/iesdelvoltreganes\/wp-content\/uploads\/usu618\/2025\/09\/20250918_113800-1-1.heic\" alt=\"\" \/><\/a><a href=\"https:\/\/agora.xtec.cat\/iesdelvoltreganes\/wp-content\/uploads\/usu618\/2025\/09\/20250918_113800-1-1.heic\"><img decoding=\"async\" class=\"alignnone size-full wp-image-7325\" src=\"https:\/\/agora.xtec.cat\/iesdelvoltreganes\/wp-content\/uploads\/usu618\/2025\/09\/20250918_113800-1-1.heic\" alt=\"\" \/><\/a><\/span><\/p>\n","protected":false},"excerpt":{"rendered":"<p>Els alumnes de l\u2019optativa de Rob\u00f2tica de Batxillerat han participat en el taller Repte Quanta a l\u2019Aula Digital Girbau de l\u2019Espai Rob\u00f2tic de Vic, una jornada intensa de 5 hores plena de creativitat i aprenentatges. Primer han dissenyat el logo del seu equip, inspirant-se en els valors que els defineixen. Despr\u00e9s han creat la medalla [&hellip;]<\/p>\n","protected":false},"author":55,"featured_media":0,"comment_status":"open","ping_status":"open","sticky":false,"template":"","format":"standard","meta":{"_bbp_topic_count":0,"_bbp_reply_count":0,"_bbp_total_topic_count":0,"_bbp_total_reply_count":0,"_bbp_voice_count":0,"_bbp_anonymous_reply_count":0,"_bbp_topic_count_hidden":0,"_bbp_reply_count_hidden":0,"_bbp_forum_subforum_count":0,"site-sidebar-layout":"default","site-content-layout":"","ast-site-content-layout":"","site-content-style":"default","site-sidebar-style":"default","ast-global-header-display":"","ast-banner-title-visibility":"","ast-main-header-display":"","ast-hfb-above-header-display":"","ast-hfb-below-header-display":"","ast-hfb-mobile-header-display":"","site-post-title":"","ast-breadcrumbs-content":"","ast-featured-img":"","footer-sml-layout":"","theme-transparent-header-meta":"","adv-header-id-meta":"","stick-header-meta":"","header-above-stick-meta":"","header-main-stick-meta":"","header-below-stick-meta":"","astra-migrate-meta-layouts":"default","ast-page-background-enabled":"default","ast-page-background-meta":{"desktop":{"background-color":"var(--ast-global-color-4)","background-image":"","background-repeat":"repeat","background-position":"center center","background-size":"auto","background-attachment":"scroll","background-type":"","background-media":"","overlay-type":"","overlay-color":"","overlay-opacity":"","overlay-gradient":""},"tablet":{"background-color":"","background-image":"","background-repeat":"repeat","background-position":"center center","background-size":"auto","background-attachment":"scroll","background-type":"","background-media":"","overlay-type":"","overlay-color":"","overlay-opacity":"","overlay-gradient":""},"mobile":{"background-color":"","background-image":"","background-repeat":"repeat","background-position":"center center","background-size":"auto","background-attachment":"scroll","background-type":"","background-media":"","overlay-type":"","overlay-color":"","overlay-opacity":"","overlay-gradient":""}},"ast-content-background-meta":{"desktop":{"background-color":"var(--ast-global-color-5)","background-image":"","background-repeat":"repeat","background-position":"center center","background-size":"auto","background-attachment":"scroll","background-type":"","background-media":"","overlay-type":"","overlay-color":"","overlay-opacity":"","overlay-gradient":""},"tablet":{"background-color":"var(--ast-global-color-5)","background-image":"","background-repeat":"repeat","background-position":"center center","background-size":"auto","background-attachment":"scroll","background-type":"","background-media":"","overlay-type":"","overlay-color":"","overlay-opacity":"","overlay-gradient":""},"mobile":{"background-color":"var(--ast-global-color-5)","background-image":"","background-repeat":"repeat","background-position":"center center","background-size":"auto","background-attachment":"scroll","background-type":"","background-media":"","overlay-type":"","overlay-color":"","overlay-opacity":"","overlay-gradient":""}},"footnotes":""},"categories":[8,155],"tags":[],"class_list":["post-7321","post","type-post","status-publish","format-standard","hentry","category-batxillerat","category-robotica"],"post_mailing_queue_ids":[],"_links":{"self":[{"href":"https:\/\/agora.xtec.cat\/iesdelvoltreganes\/wp-json\/wp\/v2\/posts\/7321","targetHints":{"allow":["GET"]}}],"collection":[{"href":"https:\/\/agora.xtec.cat\/iesdelvoltreganes\/wp-json\/wp\/v2\/posts"}],"about":[{"href":"https:\/\/agora.xtec.cat\/iesdelvoltreganes\/wp-json\/wp\/v2\/types\/post"}],"author":[{"embeddable":true,"href":"https:\/\/agora.xtec.cat\/iesdelvoltreganes\/wp-json\/wp\/v2\/users\/55"}],"replies":[{"embeddable":true,"href":"https:\/\/agora.xtec.cat\/iesdelvoltreganes\/wp-json\/wp\/v2\/comments?post=7321"}],"version-history":[{"count":2,"href":"https:\/\/agora.xtec.cat\/iesdelvoltreganes\/wp-json\/wp\/v2\/posts\/7321\/revisions"}],"predecessor-version":[{"id":7327,"href":"https:\/\/agora.xtec.cat\/iesdelvoltreganes\/wp-json\/wp\/v2\/posts\/7321\/revisions\/7327"}],"wp:attachment":[{"href":"https:\/\/agora.xtec.cat\/iesdelvoltreganes\/wp-json\/wp\/v2\/media?parent=7321"}],"wp:term":[{"taxonomy":"category","embeddable":true,"href":"https:\/\/agora.xtec.cat\/iesdelvoltreganes\/wp-json\/wp\/v2\/categories?post=7321"},{"taxonomy":"post_tag","embeddable":true,"href":"https:\/\/agora.xtec.cat\/iesdelvoltreganes\/wp-json\/wp\/v2\/tags?post=7321"}],"curies":[{"name":"wp","href":"https:\/\/api.w.org\/{rel}","templated":true}]}}