{"id":7268,"date":"2025-06-26T11:40:39","date_gmt":"2025-06-26T09:40:39","guid":{"rendered":"https:\/\/agora.xtec.cat\/iesdelvoltreganes\/?p=7268"},"modified":"2025-06-30T10:34:56","modified_gmt":"2025-06-30T08:34:56","slug":"projecte-hort-ecologic","status":"publish","type":"post","link":"https:\/\/agora.xtec.cat\/iesdelvoltreganes\/general\/projecte-hort-ecologic\/","title":{"rendered":"Projecte hort ecol\u00f2gic"},"content":{"rendered":"<p>Aquest curs 2024-25 els alumnes de 1r d\u2019ESO hem treballat de valent a l\u2019hort. Hem fet activitats de matem\u00e0tiques (mesurar i calcular \u00e0rees), tecnologia (dissenyar i construir sistemes de reg gota a gota i hivernacles) i ci\u00e8ncies naturals (observar i experimentar el cicle vital de les plantes i d\u2019alguns animals). Hem ideat solucions enginyoses per a adaptar-nos a la sequera i al fred, sempre d\u2019una manera respectuosa amb el medi ambient.<\/p>\n<p><a href=\"https:\/\/photos.app.goo.gl\/wNNiks3eCZUB4PQW9\" target=\"_blank\" rel=\"noopener\"><img loading=\"lazy\" decoding=\"async\" class=\"aligncenter wp-image-7269 size-medium\" src=\"https:\/\/agora.xtec.cat\/iesdelvoltreganes\/wp-content\/uploads\/usu618\/2025\/06\/Copia-de-1rB_enciams-300x225.jpg\" alt=\"\" width=\"300\" height=\"225\" srcset=\"https:\/\/agora.xtec.cat\/iesdelvoltreganes\/wp-content\/uploads\/usu618\/2025\/06\/Copia-de-1rB_enciams-300x225.jpg 300w, https:\/\/agora.xtec.cat\/iesdelvoltreganes\/wp-content\/uploads\/usu618\/2025\/06\/Copia-de-1rB_enciams-1024x768.jpg 1024w, https:\/\/agora.xtec.cat\/iesdelvoltreganes\/wp-content\/uploads\/usu618\/2025\/06\/Copia-de-1rB_enciams-768x576.jpg 768w, https:\/\/agora.xtec.cat\/iesdelvoltreganes\/wp-content\/uploads\/usu618\/2025\/06\/Copia-de-1rB_enciams-1536x1152.jpg 1536w, https:\/\/agora.xtec.cat\/iesdelvoltreganes\/wp-content\/uploads\/usu618\/2025\/06\/Copia-de-1rB_enciams-200x150.jpg 200w, https:\/\/agora.xtec.cat\/iesdelvoltreganes\/wp-content\/uploads\/usu618\/2025\/06\/Copia-de-1rB_enciams.jpg 1600w\" sizes=\"auto, (max-width: 300px) 100vw, 300px\" \/><\/a><\/p>\n","protected":false},"excerpt":{"rendered":"<p>Aquest curs 2024-25 els alumnes de 1r d\u2019ESO hem treballat de valent a l\u2019hort. Hem fet activitats de matem\u00e0tiques (mesurar i calcular \u00e0rees), tecnologia (dissenyar i construir sistemes de reg gota a gota i hivernacles) i ci\u00e8ncies naturals (observar i experimentar el cicle vital de&hellip;  <a href=\"https:\/\/agora.xtec.cat\/iesdelvoltreganes\/general\/projecte-hort-ecologic\/\" title=\"Read Projecte hort ecol\u00f2gic\">Llegeix m\u00e9s\u00bb<\/a><\/p>\n","protected":false},"author":6,"featured_media":0,"comment_status":"closed","ping_status":"closed","sticky":false,"template":"","format":"standard","meta":{"_bbp_topic_count":0,"_bbp_reply_count":0,"_bbp_total_topic_count":0,"_bbp_total_reply_count":0,"_bbp_voice_count":0,"_bbp_anonymous_reply_count":0,"_bbp_topic_count_hidden":0,"_bbp_reply_count_hidden":0,"_bbp_forum_subforum_count":0,"footnotes":""},"categories":[65,4,1,29,64],"tags":[],"class_list":["post-7268","post","type-post","status-publish","format-standard","hentry","category-ciencies-experimentals","category-eso-1","category-general","category-portada","category-tecnologia"],"post_mailing_queue_ids":[],"_links":{"self":[{"href":"https:\/\/agora.xtec.cat\/iesdelvoltreganes\/wp-json\/wp\/v2\/posts\/7268","targetHints":{"allow":["GET"]}}],"collection":[{"href":"https:\/\/agora.xtec.cat\/iesdelvoltreganes\/wp-json\/wp\/v2\/posts"}],"about":[{"href":"https:\/\/agora.xtec.cat\/iesdelvoltreganes\/wp-json\/wp\/v2\/types\/post"}],"author":[{"embeddable":true,"href":"https:\/\/agora.xtec.cat\/iesdelvoltreganes\/wp-json\/wp\/v2\/users\/6"}],"replies":[{"embeddable":true,"href":"https:\/\/agora.xtec.cat\/iesdelvoltreganes\/wp-json\/wp\/v2\/comments?post=7268"}],"version-history":[{"count":1,"href":"https:\/\/agora.xtec.cat\/iesdelvoltreganes\/wp-json\/wp\/v2\/posts\/7268\/revisions"}],"predecessor-version":[{"id":7270,"href":"https:\/\/agora.xtec.cat\/iesdelvoltreganes\/wp-json\/wp\/v2\/posts\/7268\/revisions\/7270"}],"wp:attachment":[{"href":"https:\/\/agora.xtec.cat\/iesdelvoltreganes\/wp-json\/wp\/v2\/media?parent=7268"}],"wp:term":[{"taxonomy":"category","embeddable":true,"href":"https:\/\/agora.xtec.cat\/iesdelvoltreganes\/wp-json\/wp\/v2\/categories?post=7268"},{"taxonomy":"post_tag","embeddable":true,"href":"https:\/\/agora.xtec.cat\/iesdelvoltreganes\/wp-json\/wp\/v2\/tags?post=7268"}],"curies":[{"name":"wp","href":"https:\/\/api.w.org\/{rel}","templated":true}]}}