{"id":7206,"date":"2025-05-26T12:06:55","date_gmt":"2025-05-26T10:06:55","guid":{"rendered":"https:\/\/agora.xtec.cat\/iesdelvoltreganes\/?p=7206"},"modified":"2025-05-26T12:11:36","modified_gmt":"2025-05-26T10:11:36","slug":"museu-arqueologic-dempuries-2","status":"publish","type":"post","link":"https:\/\/agora.xtec.cat\/iesdelvoltreganes\/general\/museu-arqueologic-dempuries-2\/","title":{"rendered":"Museu Arqueol\u00f2gic d\u2019Emp\u00faries"},"content":{"rendered":"<p><a href=\"https:\/\/agora.xtec.cat\/iesdelvoltreganes\/wp-content\/uploads\/usu618\/2025\/05\/Fotos-Empuries.jpg\"><img loading=\"lazy\" decoding=\"async\" class=\"size-medium wp-image-7207 aligncenter\" src=\"https:\/\/agora.xtec.cat\/iesdelvoltreganes\/wp-content\/uploads\/usu618\/2025\/05\/Fotos-Empuries-300x247.jpg\" alt=\"\" width=\"300\" height=\"247\" srcset=\"https:\/\/agora.xtec.cat\/iesdelvoltreganes\/wp-content\/uploads\/usu618\/2025\/05\/Fotos-Empuries-300x247.jpg 300w, https:\/\/agora.xtec.cat\/iesdelvoltreganes\/wp-content\/uploads\/usu618\/2025\/05\/Fotos-Empuries-1024x842.jpg 1024w, https:\/\/agora.xtec.cat\/iesdelvoltreganes\/wp-content\/uploads\/usu618\/2025\/05\/Fotos-Empuries-768x632.jpg 768w, https:\/\/agora.xtec.cat\/iesdelvoltreganes\/wp-content\/uploads\/usu618\/2025\/05\/Fotos-Empuries-1536x1264.jpg 1536w, https:\/\/agora.xtec.cat\/iesdelvoltreganes\/wp-content\/uploads\/usu618\/2025\/05\/Fotos-Empuries.jpg 1838w\" sizes=\"auto, (max-width: 300px) 100vw, 300px\" \/><\/a><\/p>\n<p>El passat divendres dia vint-i-tres de maig, els alumnes de primer d\u2019ESO vam anar al Museu Arqueol\u00f2gic d\u2019Emp\u00faries per veure les restes gregues i romanes, amb la finalitat d\u2019aprofundir en el coneixement d\u2019aquestes civilitzacions cl\u00e0ssiques.\u00a0 A les vuit del mat\u00ed vam sortir amb autob\u00fas cap a Emp\u00faries. En arribar, dos guies vestits de romans ens van explicar com vivien, a m\u00e9s d\u2019algunes an\u00e8cdotes i particularitats d\u2019aquests pobles. Finalment, v\u00e0rem acabar la visita amb un taller de jocs romans, seguidament, ens esperava el bus per tornar cap a Les Masies de Voltreg\u00e0.<\/p>\n<p>&nbsp;<\/p>\n","protected":false},"excerpt":{"rendered":"<p><a href=\"https:\/\/agora.xtec.cat\/iesdelvoltreganes\/wp-content\/uploads\/usu618\/2025\/05\/Fotos-Empuries.jpg\"><\/a><br \/>\nEl passat divendres dia vint-i-tres de maig, els alumnes de primer d\u2019ESO vam anar al Museu Arqueol\u00f2gic d\u2019Emp\u00faries per veure les restes gregues i romanes, amb la finalitat d\u2019aprofundir en el coneixement d\u2019aquestes civilitzacions cl\u00e0ssiques.\u00a0 A les vuit del mat\u00ed vam sortir amb autob\u00fas&hellip;  <a href=\"https:\/\/agora.xtec.cat\/iesdelvoltreganes\/general\/museu-arqueologic-dempuries-2\/\" title=\"Read Museu Arqueol\u00f2gic d\u2019Emp\u00faries\">Llegeix m\u00e9s\u00bb<\/a><\/p>\n","protected":false},"author":6,"featured_media":0,"comment_status":"closed","ping_status":"closed","sticky":false,"template":"","format":"standard","meta":{"_bbp_topic_count":0,"_bbp_reply_count":0,"_bbp_total_topic_count":0,"_bbp_total_reply_count":0,"_bbp_voice_count":0,"_bbp_anonymous_reply_count":0,"_bbp_topic_count_hidden":0,"_bbp_reply_count_hidden":0,"_bbp_forum_subforum_count":0,"footnotes":""},"categories":[66,4,1,29],"tags":[],"class_list":["post-7206","post","type-post","status-publish","format-standard","hentry","category-ciencies-socials","category-eso-1","category-general","category-portada"],"post_mailing_queue_ids":[],"_links":{"self":[{"href":"https:\/\/agora.xtec.cat\/iesdelvoltreganes\/wp-json\/wp\/v2\/posts\/7206","targetHints":{"allow":["GET"]}}],"collection":[{"href":"https:\/\/agora.xtec.cat\/iesdelvoltreganes\/wp-json\/wp\/v2\/posts"}],"about":[{"href":"https:\/\/agora.xtec.cat\/iesdelvoltreganes\/wp-json\/wp\/v2\/types\/post"}],"author":[{"embeddable":true,"href":"https:\/\/agora.xtec.cat\/iesdelvoltreganes\/wp-json\/wp\/v2\/users\/6"}],"replies":[{"embeddable":true,"href":"https:\/\/agora.xtec.cat\/iesdelvoltreganes\/wp-json\/wp\/v2\/comments?post=7206"}],"version-history":[{"count":3,"href":"https:\/\/agora.xtec.cat\/iesdelvoltreganes\/wp-json\/wp\/v2\/posts\/7206\/revisions"}],"predecessor-version":[{"id":7210,"href":"https:\/\/agora.xtec.cat\/iesdelvoltreganes\/wp-json\/wp\/v2\/posts\/7206\/revisions\/7210"}],"wp:attachment":[{"href":"https:\/\/agora.xtec.cat\/iesdelvoltreganes\/wp-json\/wp\/v2\/media?parent=7206"}],"wp:term":[{"taxonomy":"category","embeddable":true,"href":"https:\/\/agora.xtec.cat\/iesdelvoltreganes\/wp-json\/wp\/v2\/categories?post=7206"},{"taxonomy":"post_tag","embeddable":true,"href":"https:\/\/agora.xtec.cat\/iesdelvoltreganes\/wp-json\/wp\/v2\/tags?post=7206"}],"curies":[{"name":"wp","href":"https:\/\/api.w.org\/{rel}","templated":true}]}}