{"id":7174,"date":"2025-05-21T11:57:41","date_gmt":"2025-05-21T09:57:41","guid":{"rendered":"https:\/\/agora.xtec.cat\/iesdelvoltreganes\/?p=7174"},"modified":"2025-05-21T11:58:22","modified_gmt":"2025-05-21T09:58:22","slug":"b1-i-b2-dangles-a-escola-oficial-didiomes-dosona-dins-el-programa-de-certificacio-de-llengues","status":"publish","type":"post","link":"https:\/\/agora.xtec.cat\/iesdelvoltreganes\/general\/b1-i-b2-dangles-a-escola-oficial-didiomes-dosona-dins-el-programa-de-certificacio-de-llengues\/","title":{"rendered":"B1 i B2 d\u2019angl\u00e8s de l\u2019Escola Oficial d\u2019Idiomes d\u2019Osona dins el Programa de Certificaci\u00f3 de lleng\u00fces"},"content":{"rendered":"<p>El passat mes d\u2019abril, 9 alumnes del centre van presentar-se a les proves de B1 i B2 d\u2019angl\u00e8s a l\u2019Escola Oficial d\u2019Idiomes d\u2019Osona dins el Programa de Certificaci\u00f3 de lleng\u00fces, que promou i facilita \u2019obtenci\u00f3 de t\u00edtols acreditatius de nivells d\u2019idiomes a trav\u00e9s d\u2019una EOI de refer\u00e8ncia, en el nostre cas, l\u2019EOI d\u2019osona a Vic.<br \/>\nAra que ja tenim els resultats de les proves, des de l&#8217;institut volem felicitar l\u2019Abril Dom\u00ednguez, l\u2019Abril Casas, l\u2019Unai Moreno, en Biel Devesa, l\u2019Ivan Ahumada, la Marina Espinosa, l\u2019Iris Buxaderas, en Mart\u00ed Jutglar i la Joana Portet per haver obtingut les certificacions de nivell B1 i B2 d\u2019angl\u00e8s.<br \/>\nEl seu esfor\u00e7, const\u00e0ncia i dedicaci\u00f3 han donat els seus fruits, i aquest \u00e8xit n\u2019\u00e9s una mostra clara. Aconseguir aquests t\u00edtols suposa una fita important a nivell acad\u00e8mic i personal, i els obre noves portes tant en l&#8217;\u00e0mbit educatiu com professional. Estem molt orgullosos de tots ells i els animem a continuar avan\u00e7ant en l\u2019aprenentatge de lleng\u00fces. Enhorabona a totes i tots!<\/p>\n<p><a href=\"https:\/\/agora.xtec.cat\/iesdelvoltreganes\/wp-content\/uploads\/usu618\/2025\/05\/1747393954253.jpg\"><img loading=\"lazy\" decoding=\"async\" class=\"size-medium wp-image-7175 aligncenter\" src=\"https:\/\/agora.xtec.cat\/iesdelvoltreganes\/wp-content\/uploads\/usu618\/2025\/05\/1747393954253-300x239.jpg\" alt=\"\" width=\"300\" height=\"239\" srcset=\"https:\/\/agora.xtec.cat\/iesdelvoltreganes\/wp-content\/uploads\/usu618\/2025\/05\/1747393954253-300x239.jpg 300w, https:\/\/agora.xtec.cat\/iesdelvoltreganes\/wp-content\/uploads\/usu618\/2025\/05\/1747393954253-1024x817.jpg 1024w, https:\/\/agora.xtec.cat\/iesdelvoltreganes\/wp-content\/uploads\/usu618\/2025\/05\/1747393954253-768x613.jpg 768w, https:\/\/agora.xtec.cat\/iesdelvoltreganes\/wp-content\/uploads\/usu618\/2025\/05\/1747393954253-1536x1226.jpg 1536w, https:\/\/agora.xtec.cat\/iesdelvoltreganes\/wp-content\/uploads\/usu618\/2025\/05\/1747393954253.jpg 1600w\" sizes=\"auto, (max-width: 300px) 100vw, 300px\" \/><\/a><\/p>\n","protected":false},"excerpt":{"rendered":"<p>El passat mes d\u2019abril, 9 alumnes del centre van presentar-se a les proves de B1 i B2 d\u2019angl\u00e8s a l\u2019Escola Oficial d\u2019Idiomes d\u2019Osona dins el Programa de Certificaci\u00f3 de lleng\u00fces, que promou i facilita \u2019obtenci\u00f3 de t\u00edtols acreditatius de nivells d\u2019idiomes a trav\u00e9s d\u2019una EOI&hellip;  <a href=\"https:\/\/agora.xtec.cat\/iesdelvoltreganes\/general\/b1-i-b2-dangles-a-escola-oficial-didiomes-dosona-dins-el-programa-de-certificacio-de-llengues\/\" title=\"Read B1 i B2 d\u2019angl\u00e8s de l\u2019Escola Oficial d\u2019Idiomes d\u2019Osona dins el Programa de Certificaci\u00f3 de lleng\u00fces\">Llegeix m\u00e9s\u00bb<\/a><\/p>\n","protected":false},"author":6,"featured_media":0,"comment_status":"closed","ping_status":"closed","sticky":false,"template":"","format":"standard","meta":{"_bbp_topic_count":0,"_bbp_reply_count":0,"_bbp_total_topic_count":0,"_bbp_total_reply_count":0,"_bbp_voice_count":0,"_bbp_anonymous_reply_count":0,"_bbp_topic_count_hidden":0,"_bbp_reply_count_hidden":0,"_bbp_forum_subforum_count":0,"footnotes":""},"categories":[1,29],"tags":[],"class_list":["post-7174","post","type-post","status-publish","format-standard","hentry","category-general","category-portada"],"post_mailing_queue_ids":[],"_links":{"self":[{"href":"https:\/\/agora.xtec.cat\/iesdelvoltreganes\/wp-json\/wp\/v2\/posts\/7174","targetHints":{"allow":["GET"]}}],"collection":[{"href":"https:\/\/agora.xtec.cat\/iesdelvoltreganes\/wp-json\/wp\/v2\/posts"}],"about":[{"href":"https:\/\/agora.xtec.cat\/iesdelvoltreganes\/wp-json\/wp\/v2\/types\/post"}],"author":[{"embeddable":true,"href":"https:\/\/agora.xtec.cat\/iesdelvoltreganes\/wp-json\/wp\/v2\/users\/6"}],"replies":[{"embeddable":true,"href":"https:\/\/agora.xtec.cat\/iesdelvoltreganes\/wp-json\/wp\/v2\/comments?post=7174"}],"version-history":[{"count":3,"href":"https:\/\/agora.xtec.cat\/iesdelvoltreganes\/wp-json\/wp\/v2\/posts\/7174\/revisions"}],"predecessor-version":[{"id":7184,"href":"https:\/\/agora.xtec.cat\/iesdelvoltreganes\/wp-json\/wp\/v2\/posts\/7174\/revisions\/7184"}],"wp:attachment":[{"href":"https:\/\/agora.xtec.cat\/iesdelvoltreganes\/wp-json\/wp\/v2\/media?parent=7174"}],"wp:term":[{"taxonomy":"category","embeddable":true,"href":"https:\/\/agora.xtec.cat\/iesdelvoltreganes\/wp-json\/wp\/v2\/categories?post=7174"},{"taxonomy":"post_tag","embeddable":true,"href":"https:\/\/agora.xtec.cat\/iesdelvoltreganes\/wp-json\/wp\/v2\/tags?post=7174"}],"curies":[{"name":"wp","href":"https:\/\/api.w.org\/{rel}","templated":true}]}}