{"id":7171,"date":"2025-05-20T09:57:03","date_gmt":"2025-05-20T07:57:03","guid":{"rendered":"https:\/\/agora.xtec.cat\/iesdelvoltreganes\/?p=7171"},"modified":"2025-05-21T11:26:56","modified_gmt":"2025-05-21T09:26:56","slug":"lerasmus-continua","status":"publish","type":"post","link":"https:\/\/agora.xtec.cat\/iesdelvoltreganes\/general\/lerasmus-continua\/","title":{"rendered":"L&#8217;Erasmus continua!"},"content":{"rendered":"<p><a href=\"https:\/\/agora.xtec.cat\/iesdelvoltreganes\/wp-content\/uploads\/usu618\/2025\/02\/EN-V-Funded-by-the-EU_POS.jpg\"><img loading=\"lazy\" decoding=\"async\" class=\"size-medium wp-image-7059 aligncenter\" src=\"https:\/\/agora.xtec.cat\/iesdelvoltreganes\/wp-content\/uploads\/usu618\/2025\/02\/EN-V-Funded-by-the-EU_POS-296x300.jpg\" alt=\"\" width=\"296\" height=\"300\" srcset=\"https:\/\/agora.xtec.cat\/iesdelvoltreganes\/wp-content\/uploads\/usu618\/2025\/02\/EN-V-Funded-by-the-EU_POS-296x300.jpg 296w, https:\/\/agora.xtec.cat\/iesdelvoltreganes\/wp-content\/uploads\/usu618\/2025\/02\/EN-V-Funded-by-the-EU_POS-768x778.jpg 768w, https:\/\/agora.xtec.cat\/iesdelvoltreganes\/wp-content\/uploads\/usu618\/2025\/02\/EN-V-Funded-by-the-EU_POS.jpg 910w\" sizes=\"auto, (max-width: 296px) 100vw, 296px\" \/><\/a><a href=\"https:\/\/photos.app.goo.gl\/bYe453RUAVMnuWks5\" target=\"_blank\" rel=\"noopener\"><img loading=\"lazy\" decoding=\"async\" class=\"aligncenter wp-image-7172 size-medium\" src=\"https:\/\/agora.xtec.cat\/iesdelvoltreganes\/wp-content\/uploads\/usu618\/2025\/05\/20250507_175940-1-300x225.jpg\" alt=\"\" width=\"300\" height=\"225\" srcset=\"https:\/\/agora.xtec.cat\/iesdelvoltreganes\/wp-content\/uploads\/usu618\/2025\/05\/20250507_175940-1-300x225.jpg 300w, https:\/\/agora.xtec.cat\/iesdelvoltreganes\/wp-content\/uploads\/usu618\/2025\/05\/20250507_175940-1-1024x768.jpg 1024w, https:\/\/agora.xtec.cat\/iesdelvoltreganes\/wp-content\/uploads\/usu618\/2025\/05\/20250507_175940-1-768x576.jpg 768w, https:\/\/agora.xtec.cat\/iesdelvoltreganes\/wp-content\/uploads\/usu618\/2025\/05\/20250507_175940-1-1536x1152.jpg 1536w, https:\/\/agora.xtec.cat\/iesdelvoltreganes\/wp-content\/uploads\/usu618\/2025\/05\/20250507_175940-1-2048x1536.jpg 2048w, https:\/\/agora.xtec.cat\/iesdelvoltreganes\/wp-content\/uploads\/usu618\/2025\/05\/20250507_175940-1-200x150.jpg 200w\" sizes=\"auto, (max-width: 300px) 100vw, 300px\" \/><\/a><br \/>\nL&#8217;Erasmus continua! Del 7 al 14 de maig hem estat acollits per l&#8217;Escola d&#8217;Idiomes EG Pl\u00f2vdiv (Bulg\u00e0ria) on hem pogut assistir a classes i hem tingut l&#8217;honor d&#8217;acompanyar a tot l&#8217;institut a l&#8217;acte de lliurament de premis acad\u00e8mics anual. Hem assistit a classes de lleng\u00fces estrangeres i de biologia. Tamb\u00e9 hem apr\u00e8s danses b\u00falgares tradicionals, anomenades &#8216;Horo&#8217;, hem visitat R\u00e0dio Pl\u00f2vdiv i hem fet una activitat sobre els ocells al Museu d&#8217;hist\u00f2ria natural. A m\u00e9s, hem fet un recorregut per tota la ciutat visitant el teatre rom\u00e0, l&#8217;antic estadi de Philipopolis, hem pujat al turo de Bunarjik per veure l&#8217;imponent monument a l&#8217;heroi de l&#8217;ex\u00e8rcit roig (Alyosha). L&#8217;alumnat b\u00falgar ens ha fet diversos tours pels barris hist\u00f2rics antics i culturals com Kapana, Old Town i el centre de la ciutat. Ha estat una experi\u00e8ncia magn\u00edfica per tot l&#8217;alumnat, que compartint semblances i difer\u00e8ncies culturals ens han enriquit i ha aconseguit formar grans lla\u00e7os d&#8217;amistat entre els dos pa\u00efsos. #Erasmus+ #IESVoltregan\u00e8s #EGPloviv<\/p>\n","protected":false},"excerpt":{"rendered":"<p><a href=\"https:\/\/agora.xtec.cat\/iesdelvoltreganes\/wp-content\/uploads\/usu618\/2025\/02\/EN-V-Funded-by-the-EU_POS.jpg\"><\/a><a href=\"https:\/\/photos.app.goo.gl\/bYe453RUAVMnuWks5\" target=\"_blank\" rel=\"noopener\"><\/a><br \/>\nL&#8217;Erasmus continua! Del 7 al 14 de maig hem estat acollits per l&#8217;Escola d&#8217;Idiomes EG Pl\u00f2vdiv (Bulg\u00e0ria) on hem pogut assistir a classes i hem tingut l&#8217;honor d&#8217;acompanyar a tot l&#8217;institut a l&#8217;acte de lliurament de premis acad\u00e8mics anual. Hem assistit&hellip;  <a href=\"https:\/\/agora.xtec.cat\/iesdelvoltreganes\/general\/lerasmus-continua\/\" title=\"Read L&#8217;Erasmus continua!\">Llegeix m\u00e9s\u00bb<\/a><\/p>\n","protected":false},"author":6,"featured_media":0,"comment_status":"open","ping_status":"closed","sticky":false,"template":"","format":"standard","meta":{"_bbp_topic_count":0,"_bbp_reply_count":0,"_bbp_total_topic_count":0,"_bbp_total_reply_count":0,"_bbp_voice_count":0,"_bbp_anonymous_reply_count":0,"_bbp_topic_count_hidden":0,"_bbp_reply_count_hidden":0,"_bbp_forum_subforum_count":0,"footnotes":""},"categories":[7,1,29],"tags":[],"class_list":["post-7171","post","type-post","status-publish","format-standard","hentry","category-eso-4","category-general","category-portada"],"post_mailing_queue_ids":[],"_links":{"self":[{"href":"https:\/\/agora.xtec.cat\/iesdelvoltreganes\/wp-json\/wp\/v2\/posts\/7171","targetHints":{"allow":["GET"]}}],"collection":[{"href":"https:\/\/agora.xtec.cat\/iesdelvoltreganes\/wp-json\/wp\/v2\/posts"}],"about":[{"href":"https:\/\/agora.xtec.cat\/iesdelvoltreganes\/wp-json\/wp\/v2\/types\/post"}],"author":[{"embeddable":true,"href":"https:\/\/agora.xtec.cat\/iesdelvoltreganes\/wp-json\/wp\/v2\/users\/6"}],"replies":[{"embeddable":true,"href":"https:\/\/agora.xtec.cat\/iesdelvoltreganes\/wp-json\/wp\/v2\/comments?post=7171"}],"version-history":[{"count":2,"href":"https:\/\/agora.xtec.cat\/iesdelvoltreganes\/wp-json\/wp\/v2\/posts\/7171\/revisions"}],"predecessor-version":[{"id":7177,"href":"https:\/\/agora.xtec.cat\/iesdelvoltreganes\/wp-json\/wp\/v2\/posts\/7171\/revisions\/7177"}],"wp:attachment":[{"href":"https:\/\/agora.xtec.cat\/iesdelvoltreganes\/wp-json\/wp\/v2\/media?parent=7171"}],"wp:term":[{"taxonomy":"category","embeddable":true,"href":"https:\/\/agora.xtec.cat\/iesdelvoltreganes\/wp-json\/wp\/v2\/categories?post=7171"},{"taxonomy":"post_tag","embeddable":true,"href":"https:\/\/agora.xtec.cat\/iesdelvoltreganes\/wp-json\/wp\/v2\/tags?post=7171"}],"curies":[{"name":"wp","href":"https:\/\/api.w.org\/{rel}","templated":true}]}}