{"id":7150,"date":"2025-05-09T13:06:17","date_gmt":"2025-05-09T11:06:17","guid":{"rendered":"https:\/\/agora.xtec.cat\/iesdelvoltreganes\/?p=7150"},"modified":"2025-05-09T13:27:35","modified_gmt":"2025-05-09T11:27:35","slug":"i-lerasmus-no-para","status":"publish","type":"post","link":"https:\/\/agora.xtec.cat\/iesdelvoltreganes\/general\/i-lerasmus-no-para\/","title":{"rendered":"I l&#8217;Erasmus no para!"},"content":{"rendered":"<p><a href=\"https:\/\/agora.xtec.cat\/iesdelvoltreganes\/wp-content\/uploads\/usu618\/2025\/02\/EN-V-Funded-by-the-EU_POS.jpg\"><img loading=\"lazy\" decoding=\"async\" class=\"size-medium wp-image-7059 aligncenter\" src=\"https:\/\/agora.xtec.cat\/iesdelvoltreganes\/wp-content\/uploads\/usu618\/2025\/02\/EN-V-Funded-by-the-EU_POS-296x300.jpg\" alt=\"\" width=\"296\" height=\"300\" srcset=\"https:\/\/agora.xtec.cat\/iesdelvoltreganes\/wp-content\/uploads\/usu618\/2025\/02\/EN-V-Funded-by-the-EU_POS-296x300.jpg 296w, https:\/\/agora.xtec.cat\/iesdelvoltreganes\/wp-content\/uploads\/usu618\/2025\/02\/EN-V-Funded-by-the-EU_POS-768x778.jpg 768w, https:\/\/agora.xtec.cat\/iesdelvoltreganes\/wp-content\/uploads\/usu618\/2025\/02\/EN-V-Funded-by-the-EU_POS.jpg 910w\" sizes=\"auto, (max-width: 296px) 100vw, 296px\" \/><\/a><a href=\"https:\/\/photos.app.goo.gl\/KAiVktS5qTBSKgPP9\" target=\"_blank\" rel=\"noopener\"><img loading=\"lazy\" decoding=\"async\" class=\"aligncenter wp-image-7151 size-medium\" src=\"https:\/\/agora.xtec.cat\/iesdelvoltreganes\/wp-content\/uploads\/usu618\/2025\/05\/foto-bulgaria-1-300x225.jpg\" alt=\"\" width=\"300\" height=\"225\" srcset=\"https:\/\/agora.xtec.cat\/iesdelvoltreganes\/wp-content\/uploads\/usu618\/2025\/05\/foto-bulgaria-1-300x225.jpg 300w, https:\/\/agora.xtec.cat\/iesdelvoltreganes\/wp-content\/uploads\/usu618\/2025\/05\/foto-bulgaria-1-1024x768.jpg 1024w, https:\/\/agora.xtec.cat\/iesdelvoltreganes\/wp-content\/uploads\/usu618\/2025\/05\/foto-bulgaria-1-768x576.jpg 768w, https:\/\/agora.xtec.cat\/iesdelvoltreganes\/wp-content\/uploads\/usu618\/2025\/05\/foto-bulgaria-1-1536x1152.jpg 1536w, https:\/\/agora.xtec.cat\/iesdelvoltreganes\/wp-content\/uploads\/usu618\/2025\/05\/foto-bulgaria-1-200x150.jpg 200w, https:\/\/agora.xtec.cat\/iesdelvoltreganes\/wp-content\/uploads\/usu618\/2025\/05\/foto-bulgaria-1.jpg 1600w\" sizes=\"auto, (max-width: 300px) 100vw, 300px\" \/><\/a><\/p>\n<p>Des del 22 d&#8217;abril fins el 3 de maig vam rebre al grup d&#8217;alumnat de l&#8217;Escola d&#8217;Idiomes EG Plovdiv, de Bulg\u00e0ria. Aqu\u00ed vam treballar conjuntament amb el nostre alumnat en el projecte &#8220;So far so close&#8221; que, en les tres lleng\u00fces estrangeres que es poden estudiar a l&#8217;institut (franc\u00e9s, angl\u00e8s i alemany), vol acostar-se a les entitats del poble i del nostre entorn per a treballar conjuntament amb elles. Dies d&#8217; hoquei amb el Club Pat\u00ed Voltreg\u00e0, de podcast amb R\u00e0dio Voltreg\u00e0, d&#8217;observaci\u00f3 d&#8217;ocells acompanyats pel Museu del Ter i de visites i tallers a la Universitat de Vic. Dies molt profitosos que van culminar en un acte institucional als jardins de l&#8217;Ajuntament de Masies de Voltreg\u00e0 presidit per l&#8217;alcaldessa de Les Masies de Voltreg\u00e0, Ver\u00f2nica Ruiz.<\/p>\n<p>I ara ens toca el torn a nosaltres de viatjar a Bulg\u00e0ria, concretament a Plovdiv, segona ciutat m\u00e9s gran de Bulg\u00e0ria i capital cultural d&#8217;aquest pa\u00eds. Del 7 al 14 de maig podrem comparar les nostres entitats amb les seves ja que aprendrem danses tradicionals b\u00falgares a l&#8217;escola Ivan Vazov, ens oferiran un repte a la R\u00e0dio de Plovdiv, visitarem i farem una activitat al Museu d&#8217;Hist\u00f2ria Natural de Plovdiv i farem classes de franc\u00e8s i alemany a l&#8217;institut EG Plovdiv amb qui estem fent aquest intercanvi. Dies plens d&#8217;il\u00b7lusi\u00f3, aprenentatge, entusiasme i conviv\u00e8ncia. De ben segur que ser\u00e0 una experi\u00e8ncia inolvidable pels 12 estudiants de l&#8217;institut del Voltregan\u00e8s que han estat seleccionats per a aquesta mobilitat.<\/p>\n","protected":false},"excerpt":{"rendered":"<p><a href=\"https:\/\/agora.xtec.cat\/iesdelvoltreganes\/wp-content\/uploads\/usu618\/2025\/02\/EN-V-Funded-by-the-EU_POS.jpg\"><\/a><a href=\"https:\/\/photos.app.goo.gl\/KAiVktS5qTBSKgPP9\" target=\"_blank\" rel=\"noopener\"><\/a><br \/>\nDes del 22 d&#8217;abril fins el 3 de maig vam rebre al grup d&#8217;alumnat de l&#8217;Escola d&#8217;Idiomes EG Plovdiv, de Bulg\u00e0ria. Aqu\u00ed vam treballar conjuntament amb el nostre alumnat en el projecte &#8220;So far so close&#8221; que, en les tres lleng\u00fces&hellip;  <a href=\"https:\/\/agora.xtec.cat\/iesdelvoltreganes\/general\/i-lerasmus-no-para\/\" title=\"Read I l&#8217;Erasmus no para!\">Llegeix m\u00e9s\u00bb<\/a><\/p>\n","protected":false},"author":6,"featured_media":0,"comment_status":"closed","ping_status":"closed","sticky":false,"template":"","format":"standard","meta":{"_bbp_topic_count":0,"_bbp_reply_count":0,"_bbp_total_topic_count":0,"_bbp_total_reply_count":0,"_bbp_voice_count":0,"_bbp_anonymous_reply_count":0,"_bbp_topic_count_hidden":0,"_bbp_reply_count_hidden":0,"_bbp_forum_subforum_count":0,"footnotes":""},"categories":[1,71,29],"tags":[161],"class_list":["post-7150","post","type-post","status-publish","format-standard","hentry","category-general","category-llengues-estrangeres","category-portada","tag-erasmus"],"post_mailing_queue_ids":[],"_links":{"self":[{"href":"https:\/\/agora.xtec.cat\/iesdelvoltreganes\/wp-json\/wp\/v2\/posts\/7150","targetHints":{"allow":["GET"]}}],"collection":[{"href":"https:\/\/agora.xtec.cat\/iesdelvoltreganes\/wp-json\/wp\/v2\/posts"}],"about":[{"href":"https:\/\/agora.xtec.cat\/iesdelvoltreganes\/wp-json\/wp\/v2\/types\/post"}],"author":[{"embeddable":true,"href":"https:\/\/agora.xtec.cat\/iesdelvoltreganes\/wp-json\/wp\/v2\/users\/6"}],"replies":[{"embeddable":true,"href":"https:\/\/agora.xtec.cat\/iesdelvoltreganes\/wp-json\/wp\/v2\/comments?post=7150"}],"version-history":[{"count":4,"href":"https:\/\/agora.xtec.cat\/iesdelvoltreganes\/wp-json\/wp\/v2\/posts\/7150\/revisions"}],"predecessor-version":[{"id":7155,"href":"https:\/\/agora.xtec.cat\/iesdelvoltreganes\/wp-json\/wp\/v2\/posts\/7150\/revisions\/7155"}],"wp:attachment":[{"href":"https:\/\/agora.xtec.cat\/iesdelvoltreganes\/wp-json\/wp\/v2\/media?parent=7150"}],"wp:term":[{"taxonomy":"category","embeddable":true,"href":"https:\/\/agora.xtec.cat\/iesdelvoltreganes\/wp-json\/wp\/v2\/categories?post=7150"},{"taxonomy":"post_tag","embeddable":true,"href":"https:\/\/agora.xtec.cat\/iesdelvoltreganes\/wp-json\/wp\/v2\/tags?post=7150"}],"curies":[{"name":"wp","href":"https:\/\/api.w.org\/{rel}","templated":true}]}}