{"id":7139,"date":"2025-04-24T09:38:49","date_gmt":"2025-04-24T07:38:49","guid":{"rendered":"https:\/\/agora.xtec.cat\/iesdelvoltreganes\/?p=7139"},"modified":"2025-04-25T10:18:41","modified_gmt":"2025-04-25T08:18:41","slug":"diada-de-sant-jordi","status":"publish","type":"post","link":"https:\/\/agora.xtec.cat\/iesdelvoltreganes\/general\/diada-de-sant-jordi\/","title":{"rendered":"Diada de Sant Jordi"},"content":{"rendered":"<p>Hem celebrat la diada de Sant Jordi a l&#8217;institut. A m\u00e9s d&#8217;un acte amb recitals, actuaci\u00f3 de la coral i actuaci\u00f3 d&#8217;un grup de m\u00fasica, hem lliurat el premis del concurs literari. Us adjuntem els textos guanyadors per gaudir de la lectura.<\/p>\n<p style=\"text-align: center;\"><a href=\"https:\/\/docs.google.com\/document\/d\/11nDKmu_IBkgbLb0wkZsbL49KSVpZ7TSV\/edit?usp=sharing&amp;ouid=117545750941329923891&amp;rtpof=true&amp;sd=true\" target=\"_blank\" rel=\"noopener\">Textos guanyadors<\/a><\/p>\n<p style=\"text-align: center;\"><a href=\"https:\/\/photos.app.goo.gl\/YWACfdGDfzCDrcMa9\" target=\"_blank\" rel=\"noopener\"><img loading=\"lazy\" decoding=\"async\" class=\"alignnone wp-image-7143 size-medium\" src=\"https:\/\/agora.xtec.cat\/iesdelvoltreganes\/wp-content\/uploads\/usu618\/2025\/04\/20250423_091050-e1745408614110-300x286.jpg\" alt=\"\" width=\"300\" height=\"286\" srcset=\"https:\/\/agora.xtec.cat\/iesdelvoltreganes\/wp-content\/uploads\/usu618\/2025\/04\/20250423_091050-e1745408614110-300x286.jpg 300w, https:\/\/agora.xtec.cat\/iesdelvoltreganes\/wp-content\/uploads\/usu618\/2025\/04\/20250423_091050-e1745408614110-768x731.jpg 768w, https:\/\/agora.xtec.cat\/iesdelvoltreganes\/wp-content\/uploads\/usu618\/2025\/04\/20250423_091050-e1745408614110.jpg 853w\" sizes=\"auto, (max-width: 300px) 100vw, 300px\" \/><\/a><\/p>\n<p>&nbsp;<\/p>\n","protected":false},"excerpt":{"rendered":"<p>Hem celebrat la diada de Sant Jordi a l&#8217;institut. A m\u00e9s d&#8217;un acte amb recitals, actuaci\u00f3 de la coral i actuaci\u00f3 d&#8217;un grup de m\u00fasica, hem lliurat el premis del concurs literari. Us adjuntem els textos guanyadors per gaudir de la lectura.<br \/>\n<a href=\"https:\/\/docs.google.com\/document\/d\/11nDKmu_IBkgbLb0wkZsbL49KSVpZ7TSV\/edit?usp=sharing&amp;ouid=117545750941329923891&amp;rtpof=true&amp;sd=true\" target=\"_blank\" rel=\"noopener\">Textos&hellip;  <a href=\"https:\/\/agora.xtec.cat\/iesdelvoltreganes\/general\/diada-de-sant-jordi\/\" title=\"Read Diada de Sant Jordi\">Llegeix m\u00e9s\u00bb<\/a><\/p>\n","protected":false},"author":6,"featured_media":0,"comment_status":"closed","ping_status":"closed","sticky":false,"template":"","format":"standard","meta":{"_bbp_topic_count":0,"_bbp_reply_count":0,"_bbp_total_topic_count":0,"_bbp_total_reply_count":0,"_bbp_voice_count":0,"_bbp_anonymous_reply_count":0,"_bbp_topic_count_hidden":0,"_bbp_reply_count_hidden":0,"_bbp_forum_subforum_count":0,"footnotes":""},"categories":[1,29],"tags":[38],"class_list":["post-7139","post","type-post","status-publish","format-standard","hentry","category-general","category-portada","tag-sant-jordi"],"post_mailing_queue_ids":[],"_links":{"self":[{"href":"https:\/\/agora.xtec.cat\/iesdelvoltreganes\/wp-json\/wp\/v2\/posts\/7139","targetHints":{"allow":["GET"]}}],"collection":[{"href":"https:\/\/agora.xtec.cat\/iesdelvoltreganes\/wp-json\/wp\/v2\/posts"}],"about":[{"href":"https:\/\/agora.xtec.cat\/iesdelvoltreganes\/wp-json\/wp\/v2\/types\/post"}],"author":[{"embeddable":true,"href":"https:\/\/agora.xtec.cat\/iesdelvoltreganes\/wp-json\/wp\/v2\/users\/6"}],"replies":[{"embeddable":true,"href":"https:\/\/agora.xtec.cat\/iesdelvoltreganes\/wp-json\/wp\/v2\/comments?post=7139"}],"version-history":[{"count":6,"href":"https:\/\/agora.xtec.cat\/iesdelvoltreganes\/wp-json\/wp\/v2\/posts\/7139\/revisions"}],"predecessor-version":[{"id":7148,"href":"https:\/\/agora.xtec.cat\/iesdelvoltreganes\/wp-json\/wp\/v2\/posts\/7139\/revisions\/7148"}],"wp:attachment":[{"href":"https:\/\/agora.xtec.cat\/iesdelvoltreganes\/wp-json\/wp\/v2\/media?parent=7139"}],"wp:term":[{"taxonomy":"category","embeddable":true,"href":"https:\/\/agora.xtec.cat\/iesdelvoltreganes\/wp-json\/wp\/v2\/categories?post=7139"},{"taxonomy":"post_tag","embeddable":true,"href":"https:\/\/agora.xtec.cat\/iesdelvoltreganes\/wp-json\/wp\/v2\/tags?post=7139"}],"curies":[{"name":"wp","href":"https:\/\/api.w.org\/{rel}","templated":true}]}}