{"id":7129,"date":"2025-04-11T10:31:39","date_gmt":"2025-04-11T08:31:39","guid":{"rendered":"https:\/\/agora.xtec.cat\/iesdelvoltreganes\/?p=7129"},"modified":"2025-04-11T10:33:03","modified_gmt":"2025-04-11T08:33:03","slug":"creacio-literaria","status":"publish","type":"post","link":"https:\/\/agora.xtec.cat\/iesdelvoltreganes\/general\/creacio-literaria\/","title":{"rendered":"Creaci\u00f3 liter\u00e0ria"},"content":{"rendered":"<p><a href=\"https:\/\/agora.xtec.cat\/iesdelvoltreganes\/wp-content\/uploads\/usu618\/2025\/04\/Cartell-presentacio-llibres_page-0001-scaled.jpg\" target=\"_blank\" rel=\"noopener\"><img loading=\"lazy\" decoding=\"async\" class=\"aligncenter wp-image-7130 size-medium\" src=\"https:\/\/agora.xtec.cat\/iesdelvoltreganes\/wp-content\/uploads\/usu618\/2025\/04\/Cartell-presentacio-llibres_page-0001-300x169.jpg\" alt=\"\" width=\"300\" height=\"169\" srcset=\"https:\/\/agora.xtec.cat\/iesdelvoltreganes\/wp-content\/uploads\/usu618\/2025\/04\/Cartell-presentacio-llibres_page-0001-300x169.jpg 300w, https:\/\/agora.xtec.cat\/iesdelvoltreganes\/wp-content\/uploads\/usu618\/2025\/04\/Cartell-presentacio-llibres_page-0001-1024x576.jpg 1024w, https:\/\/agora.xtec.cat\/iesdelvoltreganes\/wp-content\/uploads\/usu618\/2025\/04\/Cartell-presentacio-llibres_page-0001-768x432.jpg 768w, https:\/\/agora.xtec.cat\/iesdelvoltreganes\/wp-content\/uploads\/usu618\/2025\/04\/Cartell-presentacio-llibres_page-0001-1536x864.jpg 1536w, https:\/\/agora.xtec.cat\/iesdelvoltreganes\/wp-content\/uploads\/usu618\/2025\/04\/Cartell-presentacio-llibres_page-0001-2048x1152.jpg 2048w\" sizes=\"auto, (max-width: 300px) 100vw, 300px\" \/><\/a><\/p>\n<p>Us convidem a assistir a la presentaci\u00f3 de 2 llibres creats per l&#8217;alumnat de 3r i 4t d&#8217;ESO de l&#8217;institut del Voltregan\u00e8s.<br \/>\nLa trobada ser\u00e0 el dia 22\/4\/25 a les 19h, a la biblioteca Marqu\u00e8s de Remisa de St. Hip\u00f2lit de Voltreg\u00e0.<br \/>\nL&#8217;alumnat ser\u00e0 l&#8217;encarregat de presentar les obres (una novel\u00b7la i un conte) i d&#8217;explicar com ha anat el proc\u00e9s creatiu&#8221;.<\/p>\n","protected":false},"excerpt":{"rendered":"<p><a href=\"https:\/\/agora.xtec.cat\/iesdelvoltreganes\/wp-content\/uploads\/usu618\/2025\/04\/Cartell-presentacio-llibres_page-0001-scaled.jpg\" target=\"_blank\" rel=\"noopener\"><\/a><br \/>\nUs convidem a assistir a la presentaci\u00f3 de 2 llibres creats per l&#8217;alumnat de 3r i 4t d&#8217;ESO de l&#8217;institut del Voltregan\u00e8s.<br \/>\nLa trobada ser\u00e0 el dia 22\/4\/25 a les 19h, a la biblioteca Marqu\u00e8s de Remisa de St. Hip\u00f2lit de Voltreg\u00e0.<br \/>\nL&#8217;alumnat ser\u00e0&hellip;  <a href=\"https:\/\/agora.xtec.cat\/iesdelvoltreganes\/general\/creacio-literaria\/\" title=\"Read Creaci\u00f3 liter\u00e0ria\">Llegeix m\u00e9s\u00bb<\/a><\/p>\n","protected":false},"author":6,"featured_media":0,"comment_status":"closed","ping_status":"closed","sticky":false,"template":"","format":"standard","meta":{"_bbp_topic_count":0,"_bbp_reply_count":0,"_bbp_total_topic_count":0,"_bbp_total_reply_count":0,"_bbp_voice_count":0,"_bbp_anonymous_reply_count":0,"_bbp_topic_count_hidden":0,"_bbp_reply_count_hidden":0,"_bbp_forum_subforum_count":0,"footnotes":""},"categories":[6,7,1,72,29],"tags":[82,38],"class_list":["post-7129","post","type-post","status-publish","format-standard","hentry","category-eso-3","category-eso-4","category-general","category-llengues-i-literatura","category-portada","tag-llibres","tag-sant-jordi"],"post_mailing_queue_ids":[],"_links":{"self":[{"href":"https:\/\/agora.xtec.cat\/iesdelvoltreganes\/wp-json\/wp\/v2\/posts\/7129","targetHints":{"allow":["GET"]}}],"collection":[{"href":"https:\/\/agora.xtec.cat\/iesdelvoltreganes\/wp-json\/wp\/v2\/posts"}],"about":[{"href":"https:\/\/agora.xtec.cat\/iesdelvoltreganes\/wp-json\/wp\/v2\/types\/post"}],"author":[{"embeddable":true,"href":"https:\/\/agora.xtec.cat\/iesdelvoltreganes\/wp-json\/wp\/v2\/users\/6"}],"replies":[{"embeddable":true,"href":"https:\/\/agora.xtec.cat\/iesdelvoltreganes\/wp-json\/wp\/v2\/comments?post=7129"}],"version-history":[{"count":3,"href":"https:\/\/agora.xtec.cat\/iesdelvoltreganes\/wp-json\/wp\/v2\/posts\/7129\/revisions"}],"predecessor-version":[{"id":7133,"href":"https:\/\/agora.xtec.cat\/iesdelvoltreganes\/wp-json\/wp\/v2\/posts\/7129\/revisions\/7133"}],"wp:attachment":[{"href":"https:\/\/agora.xtec.cat\/iesdelvoltreganes\/wp-json\/wp\/v2\/media?parent=7129"}],"wp:term":[{"taxonomy":"category","embeddable":true,"href":"https:\/\/agora.xtec.cat\/iesdelvoltreganes\/wp-json\/wp\/v2\/categories?post=7129"},{"taxonomy":"post_tag","embeddable":true,"href":"https:\/\/agora.xtec.cat\/iesdelvoltreganes\/wp-json\/wp\/v2\/tags?post=7129"}],"curies":[{"name":"wp","href":"https:\/\/api.w.org\/{rel}","templated":true}]}}