{"id":7111,"date":"2025-04-02T15:56:47","date_gmt":"2025-04-02T13:56:47","guid":{"rendered":"https:\/\/agora.xtec.cat\/iesdelvoltreganes\/?p=7111"},"modified":"2025-04-02T15:57:55","modified_gmt":"2025-04-02T13:57:55","slug":"anem-a-explicar-contes-a-lescola-voltrega","status":"publish","type":"post","link":"https:\/\/agora.xtec.cat\/iesdelvoltreganes\/general\/anem-a-explicar-contes-a-lescola-voltrega\/","title":{"rendered":"Anem a explicar contes a l&#8217;escola Voltreg\u00e0"},"content":{"rendered":"<p>El divendres 28 de mar\u00e7 un grup d&#8217;alumnes de 1r de batxillerat van anar a l&#8217;escola Voltreg\u00e0 a llegir els contes que havien escrit en aquest 2n trimestre a l&#8217;optativa de Creaci\u00f3 Liter\u00e0ria.<br \/>\nEl p\u00fablic (alumnat d&#8217;infantil i prim\u00e0ria) va ser molt exigent, per\u00f2 en tot moment va estar molt atent. Els alumnes de l&#8217;institut del Voltregan\u00e8s van ser convidats a tornar per explicar contes nous, perqu\u00e8 segons els infants &#8220;aquells contes no els coneixien i eren molt macos&#8221;. A m\u00e9s de l&#8217;explicaci\u00f3 dels contes, els arguments es van escenificar amb l&#8217;ajuda de titelles, peluixos i disfresses, cosa que va ajudar a posar en situaci\u00f3 els petits.<\/p>\n<p><a href=\"https:\/\/agora.xtec.cat\/iesdelvoltreganes\/wp-content\/uploads\/usu618\/2025\/04\/20250328_095328.jpg\"><img loading=\"lazy\" decoding=\"async\" class=\"size-medium wp-image-7112 aligncenter\" src=\"https:\/\/agora.xtec.cat\/iesdelvoltreganes\/wp-content\/uploads\/usu618\/2025\/04\/20250328_095328-225x300.jpg\" alt=\"\" width=\"225\" height=\"300\" srcset=\"https:\/\/agora.xtec.cat\/iesdelvoltreganes\/wp-content\/uploads\/usu618\/2025\/04\/20250328_095328-225x300.jpg 225w, https:\/\/agora.xtec.cat\/iesdelvoltreganes\/wp-content\/uploads\/usu618\/2025\/04\/20250328_095328.jpg 765w\" sizes=\"auto, (max-width: 225px) 100vw, 225px\" \/><\/a><\/p>\n","protected":false},"excerpt":{"rendered":"<p>El divendres 28 de mar\u00e7 un grup d&#8217;alumnes de 1r de batxillerat van anar a l&#8217;escola Voltreg\u00e0 a llegir els contes que havien escrit en aquest 2n trimestre a l&#8217;optativa de Creaci\u00f3 Liter\u00e0ria.<br \/>\nEl p\u00fablic (alumnat d&#8217;infantil i prim\u00e0ria) va ser molt exigent, per\u00f2 en tot&hellip;  <a href=\"https:\/\/agora.xtec.cat\/iesdelvoltreganes\/general\/anem-a-explicar-contes-a-lescola-voltrega\/\" title=\"Read Anem a explicar contes a l&#8217;escola Voltreg\u00e0\">Llegeix m\u00e9s\u00bb<\/a><\/p>\n","protected":false},"author":6,"featured_media":0,"comment_status":"closed","ping_status":"closed","sticky":false,"template":"","format":"standard","meta":{"_bbp_topic_count":0,"_bbp_reply_count":0,"_bbp_total_topic_count":0,"_bbp_total_reply_count":0,"_bbp_voice_count":0,"_bbp_anonymous_reply_count":0,"_bbp_topic_count_hidden":0,"_bbp_reply_count_hidden":0,"_bbp_forum_subforum_count":0,"footnotes":""},"categories":[8,1,29],"tags":[],"class_list":["post-7111","post","type-post","status-publish","format-standard","hentry","category-batxillerat","category-general","category-portada"],"post_mailing_queue_ids":[],"_links":{"self":[{"href":"https:\/\/agora.xtec.cat\/iesdelvoltreganes\/wp-json\/wp\/v2\/posts\/7111","targetHints":{"allow":["GET"]}}],"collection":[{"href":"https:\/\/agora.xtec.cat\/iesdelvoltreganes\/wp-json\/wp\/v2\/posts"}],"about":[{"href":"https:\/\/agora.xtec.cat\/iesdelvoltreganes\/wp-json\/wp\/v2\/types\/post"}],"author":[{"embeddable":true,"href":"https:\/\/agora.xtec.cat\/iesdelvoltreganes\/wp-json\/wp\/v2\/users\/6"}],"replies":[{"embeddable":true,"href":"https:\/\/agora.xtec.cat\/iesdelvoltreganes\/wp-json\/wp\/v2\/comments?post=7111"}],"version-history":[{"count":1,"href":"https:\/\/agora.xtec.cat\/iesdelvoltreganes\/wp-json\/wp\/v2\/posts\/7111\/revisions"}],"predecessor-version":[{"id":7115,"href":"https:\/\/agora.xtec.cat\/iesdelvoltreganes\/wp-json\/wp\/v2\/posts\/7111\/revisions\/7115"}],"wp:attachment":[{"href":"https:\/\/agora.xtec.cat\/iesdelvoltreganes\/wp-json\/wp\/v2\/media?parent=7111"}],"wp:term":[{"taxonomy":"category","embeddable":true,"href":"https:\/\/agora.xtec.cat\/iesdelvoltreganes\/wp-json\/wp\/v2\/categories?post=7111"},{"taxonomy":"post_tag","embeddable":true,"href":"https:\/\/agora.xtec.cat\/iesdelvoltreganes\/wp-json\/wp\/v2\/tags?post=7111"}],"curies":[{"name":"wp","href":"https:\/\/api.w.org\/{rel}","templated":true}]}}