{"id":7070,"date":"2025-03-10T18:42:04","date_gmt":"2025-03-10T17:42:04","guid":{"rendered":"https:\/\/agora.xtec.cat\/iesdelvoltreganes\/?p=7070"},"modified":"2025-03-10T18:43:30","modified_gmt":"2025-03-10T17:43:30","slug":"concurs-coca-cola-joves-talents-de-relat-curt","status":"publish","type":"post","link":"https:\/\/agora.xtec.cat\/iesdelvoltreganes\/general\/concurs-coca-cola-joves-talents-de-relat-curt\/","title":{"rendered":"Concurs Coca-Cola Joves Talents de Relat Curt"},"content":{"rendered":"<p><a href=\"https:\/\/agora.xtec.cat\/iesdelvoltreganes\/wp-content\/uploads\/usu618\/2025\/03\/imatge.jpeg\"><img loading=\"lazy\" decoding=\"async\" class=\"size-medium wp-image-7071 aligncenter\" src=\"https:\/\/agora.xtec.cat\/iesdelvoltreganes\/wp-content\/uploads\/usu618\/2025\/03\/imatge-300x225.jpeg\" alt=\"\" width=\"300\" height=\"225\" srcset=\"https:\/\/agora.xtec.cat\/iesdelvoltreganes\/wp-content\/uploads\/usu618\/2025\/03\/imatge-300x225.jpeg 300w, https:\/\/agora.xtec.cat\/iesdelvoltreganes\/wp-content\/uploads\/usu618\/2025\/03\/imatge-1024x768.jpeg 1024w, https:\/\/agora.xtec.cat\/iesdelvoltreganes\/wp-content\/uploads\/usu618\/2025\/03\/imatge-768x576.jpeg 768w, https:\/\/agora.xtec.cat\/iesdelvoltreganes\/wp-content\/uploads\/usu618\/2025\/03\/imatge-1536x1152.jpeg 1536w, https:\/\/agora.xtec.cat\/iesdelvoltreganes\/wp-content\/uploads\/usu618\/2025\/03\/imatge-200x150.jpeg 200w, https:\/\/agora.xtec.cat\/iesdelvoltreganes\/wp-content\/uploads\/usu618\/2025\/03\/imatge.jpeg 2016w\" sizes=\"auto, (max-width: 300px) 100vw, 300px\" \/><\/a><br \/>\n<a href=\"https:\/\/agora.xtec.cat\/iesdelvoltreganes\/wp-content\/uploads\/usu618\/2025\/03\/imatge-II.jpeg\"><img loading=\"lazy\" decoding=\"async\" class=\"size-medium wp-image-7072 aligncenter\" src=\"https:\/\/agora.xtec.cat\/iesdelvoltreganes\/wp-content\/uploads\/usu618\/2025\/03\/imatge-II-300x225.jpeg\" alt=\"\" width=\"300\" height=\"225\" srcset=\"https:\/\/agora.xtec.cat\/iesdelvoltreganes\/wp-content\/uploads\/usu618\/2025\/03\/imatge-II-300x225.jpeg 300w, https:\/\/agora.xtec.cat\/iesdelvoltreganes\/wp-content\/uploads\/usu618\/2025\/03\/imatge-II-1024x768.jpeg 1024w, https:\/\/agora.xtec.cat\/iesdelvoltreganes\/wp-content\/uploads\/usu618\/2025\/03\/imatge-II-768x576.jpeg 768w, https:\/\/agora.xtec.cat\/iesdelvoltreganes\/wp-content\/uploads\/usu618\/2025\/03\/imatge-II-1536x1152.jpeg 1536w, https:\/\/agora.xtec.cat\/iesdelvoltreganes\/wp-content\/uploads\/usu618\/2025\/03\/imatge-II-200x150.jpeg 200w, https:\/\/agora.xtec.cat\/iesdelvoltreganes\/wp-content\/uploads\/usu618\/2025\/03\/imatge-II.jpeg 2016w\" sizes=\"auto, (max-width: 300px) 100vw, 300px\" \/><\/a><br \/>\nAquest dijous 6 de mar\u00e7 i divendres 7 de mar\u00e7 de 2025, una selecci\u00f3 d\u2019alumnes de 2n d\u2019ESO ha participat en el Concurs Coca-Cola Joves Talents de Relat Curt.<br \/>\nDurant dues hores, i a partir de les instruccions proporcionades per la plataforma virtual del concurs, han redactat un escrit que havia de contenir unes paraules inventades (que han sabut en el mateix moment que s\u2019activava el cron\u00f2metre).<br \/>\nCada alumne i alumna ha elaborat un relat in\u00e8dit, sense cap mena d\u2019ajuda i esprement al m\u00e0xim la seva imaginaci\u00f3. I, en efecte, han treballat de valent per reeixir en aquesta comesa.<br \/>\nSi algun dels i les participants d\u2019aquesta fase provincial \u00e9s classificat, passar\u00e0 a la fase estatal, d\u2019on finalment sortir\u00e0 el guanyador del concurs.<br \/>\nEls donem l\u2019enhorabona per haver estat seleccionats i els encoratgem a seguir escrivint i delectant-nos amb les seves hist\u00f2ries.<br \/>\nQui sap si, entre aquest alumnat, hi tenim algun futur escriptor o escriptora!<\/p>\n","protected":false},"excerpt":{"rendered":"<p><a href=\"https:\/\/agora.xtec.cat\/iesdelvoltreganes\/wp-content\/uploads\/usu618\/2025\/03\/imatge.jpeg\"><\/a><br \/>\n<a href=\"https:\/\/agora.xtec.cat\/iesdelvoltreganes\/wp-content\/uploads\/usu618\/2025\/03\/imatge-II.jpeg\"><\/a><br \/>\nAquest dijous 6 de mar\u00e7 i divendres 7 de mar\u00e7 de 2025, una selecci\u00f3 d\u2019alumnes de 2n d\u2019ESO ha participat en el Concurs Coca-Cola Joves Talents de Relat Curt.<br \/>\nDurant dues hores, i a partir de les instruccions proporcionades per la plataforma virtual del&hellip;  <a href=\"https:\/\/agora.xtec.cat\/iesdelvoltreganes\/general\/concurs-coca-cola-joves-talents-de-relat-curt\/\" title=\"Read Concurs Coca-Cola Joves Talents de Relat Curt\">Llegeix m\u00e9s\u00bb<\/a><\/p>\n","protected":false},"author":6,"featured_media":0,"comment_status":"closed","ping_status":"closed","sticky":false,"template":"","format":"standard","meta":{"_bbp_topic_count":0,"_bbp_reply_count":0,"_bbp_total_topic_count":0,"_bbp_total_reply_count":0,"_bbp_voice_count":0,"_bbp_anonymous_reply_count":0,"_bbp_topic_count_hidden":0,"_bbp_reply_count_hidden":0,"_bbp_forum_subforum_count":0,"footnotes":""},"categories":[5,1,72,29],"tags":[],"class_list":["post-7070","post","type-post","status-publish","format-standard","hentry","category-eso-2","category-general","category-llengues-i-literatura","category-portada"],"post_mailing_queue_ids":[],"_links":{"self":[{"href":"https:\/\/agora.xtec.cat\/iesdelvoltreganes\/wp-json\/wp\/v2\/posts\/7070","targetHints":{"allow":["GET"]}}],"collection":[{"href":"https:\/\/agora.xtec.cat\/iesdelvoltreganes\/wp-json\/wp\/v2\/posts"}],"about":[{"href":"https:\/\/agora.xtec.cat\/iesdelvoltreganes\/wp-json\/wp\/v2\/types\/post"}],"author":[{"embeddable":true,"href":"https:\/\/agora.xtec.cat\/iesdelvoltreganes\/wp-json\/wp\/v2\/users\/6"}],"replies":[{"embeddable":true,"href":"https:\/\/agora.xtec.cat\/iesdelvoltreganes\/wp-json\/wp\/v2\/comments?post=7070"}],"version-history":[{"count":2,"href":"https:\/\/agora.xtec.cat\/iesdelvoltreganes\/wp-json\/wp\/v2\/posts\/7070\/revisions"}],"predecessor-version":[{"id":7074,"href":"https:\/\/agora.xtec.cat\/iesdelvoltreganes\/wp-json\/wp\/v2\/posts\/7070\/revisions\/7074"}],"wp:attachment":[{"href":"https:\/\/agora.xtec.cat\/iesdelvoltreganes\/wp-json\/wp\/v2\/media?parent=7070"}],"wp:term":[{"taxonomy":"category","embeddable":true,"href":"https:\/\/agora.xtec.cat\/iesdelvoltreganes\/wp-json\/wp\/v2\/categories?post=7070"},{"taxonomy":"post_tag","embeddable":true,"href":"https:\/\/agora.xtec.cat\/iesdelvoltreganes\/wp-json\/wp\/v2\/tags?post=7070"}],"curies":[{"name":"wp","href":"https:\/\/api.w.org\/{rel}","templated":true}]}}