{"id":7044,"date":"2025-02-27T20:48:53","date_gmt":"2025-02-27T19:48:53","guid":{"rendered":"https:\/\/agora.xtec.cat\/iesdelvoltreganes\/?p=7044"},"modified":"2025-02-27T20:48:53","modified_gmt":"2025-02-27T19:48:53","slug":"ong-sobre-el-salvament-maritim","status":"publish","type":"post","link":"https:\/\/agora.xtec.cat\/iesdelvoltreganes\/general\/ong-sobre-el-salvament-maritim\/","title":{"rendered":"ONG sobre el salvament mar\u00edtim"},"content":{"rendered":"<p>L&#8217;alumnat de 4t d&#8217;ESO, dins del servei comunitari, ha pogut sentir de primera m\u00e0 qu\u00e8 fa l&#8217;ONG sobre el salvament mar\u00edtim i altres tasques de rescat i ajuda a altres persones. Tot aix\u00f2 els ha donat peu a reflexionar en profunditat.<\/p>\n<p><a href=\"https:\/\/agora.xtec.cat\/iesdelvoltreganes\/wp-content\/uploads\/usu618\/2025\/02\/PHOTO-2025-02-26-17-19-42.jpg\"><img loading=\"lazy\" decoding=\"async\" class=\"wp-image-7045 size-medium aligncenter\" src=\"https:\/\/agora.xtec.cat\/iesdelvoltreganes\/wp-content\/uploads\/usu618\/2025\/02\/PHOTO-2025-02-26-17-19-42-e1740685693303-300x207.jpg\" alt=\"\" width=\"300\" height=\"207\" srcset=\"https:\/\/agora.xtec.cat\/iesdelvoltreganes\/wp-content\/uploads\/usu618\/2025\/02\/PHOTO-2025-02-26-17-19-42-e1740685693303-300x207.jpg 300w, https:\/\/agora.xtec.cat\/iesdelvoltreganes\/wp-content\/uploads\/usu618\/2025\/02\/PHOTO-2025-02-26-17-19-42-e1740685693303-1024x706.jpg 1024w, https:\/\/agora.xtec.cat\/iesdelvoltreganes\/wp-content\/uploads\/usu618\/2025\/02\/PHOTO-2025-02-26-17-19-42-e1740685693303-768x530.jpg 768w, https:\/\/agora.xtec.cat\/iesdelvoltreganes\/wp-content\/uploads\/usu618\/2025\/02\/PHOTO-2025-02-26-17-19-42-e1740685693303.jpg 1280w\" sizes=\"auto, (max-width: 300px) 100vw, 300px\" \/><\/a><br \/>\nO<\/p>\n","protected":false},"excerpt":{"rendered":"<p>L&#8217;alumnat de 4t d&#8217;ESO, dins del servei comunitari, ha pogut sentir de primera m\u00e0 qu\u00e8 fa l&#8217;ONG sobre el salvament mar\u00edtim i altres tasques de rescat i ajuda a altres persones. Tot aix\u00f2 els ha donat peu a reflexionar en profunditat.<br \/>\n<a href=\"https:\/\/agora.xtec.cat\/iesdelvoltreganes\/wp-content\/uploads\/usu618\/2025\/02\/PHOTO-2025-02-26-17-19-42.jpg\"><\/a><br \/>\nO<\/p>\n","protected":false},"author":6,"featured_media":0,"comment_status":"closed","ping_status":"closed","sticky":false,"template":"","format":"standard","meta":{"_bbp_topic_count":0,"_bbp_reply_count":0,"_bbp_total_topic_count":0,"_bbp_total_reply_count":0,"_bbp_voice_count":0,"_bbp_anonymous_reply_count":0,"_bbp_topic_count_hidden":0,"_bbp_reply_count_hidden":0,"_bbp_forum_subforum_count":0,"footnotes":""},"categories":[7,1,29],"tags":[],"class_list":["post-7044","post","type-post","status-publish","format-standard","hentry","category-eso-4","category-general","category-portada"],"post_mailing_queue_ids":[],"_links":{"self":[{"href":"https:\/\/agora.xtec.cat\/iesdelvoltreganes\/wp-json\/wp\/v2\/posts\/7044","targetHints":{"allow":["GET"]}}],"collection":[{"href":"https:\/\/agora.xtec.cat\/iesdelvoltreganes\/wp-json\/wp\/v2\/posts"}],"about":[{"href":"https:\/\/agora.xtec.cat\/iesdelvoltreganes\/wp-json\/wp\/v2\/types\/post"}],"author":[{"embeddable":true,"href":"https:\/\/agora.xtec.cat\/iesdelvoltreganes\/wp-json\/wp\/v2\/users\/6"}],"replies":[{"embeddable":true,"href":"https:\/\/agora.xtec.cat\/iesdelvoltreganes\/wp-json\/wp\/v2\/comments?post=7044"}],"version-history":[{"count":1,"href":"https:\/\/agora.xtec.cat\/iesdelvoltreganes\/wp-json\/wp\/v2\/posts\/7044\/revisions"}],"predecessor-version":[{"id":7046,"href":"https:\/\/agora.xtec.cat\/iesdelvoltreganes\/wp-json\/wp\/v2\/posts\/7044\/revisions\/7046"}],"wp:attachment":[{"href":"https:\/\/agora.xtec.cat\/iesdelvoltreganes\/wp-json\/wp\/v2\/media?parent=7044"}],"wp:term":[{"taxonomy":"category","embeddable":true,"href":"https:\/\/agora.xtec.cat\/iesdelvoltreganes\/wp-json\/wp\/v2\/categories?post=7044"},{"taxonomy":"post_tag","embeddable":true,"href":"https:\/\/agora.xtec.cat\/iesdelvoltreganes\/wp-json\/wp\/v2\/tags?post=7044"}],"curies":[{"name":"wp","href":"https:\/\/api.w.org\/{rel}","templated":true}]}}