{"id":7042,"date":"2025-02-27T20:52:23","date_gmt":"2025-02-27T19:52:23","guid":{"rendered":"https:\/\/agora.xtec.cat\/iesdelvoltreganes\/?p=7042"},"modified":"2025-02-27T20:54:26","modified_gmt":"2025-02-27T19:54:26","slug":"excursio-a-la-vall-de-nuria-2","status":"publish","type":"post","link":"https:\/\/agora.xtec.cat\/iesdelvoltreganes\/general\/excursio-a-la-vall-de-nuria-2\/","title":{"rendered":"Excursi\u00f3 a la Vall de N\u00faria"},"content":{"rendered":"<p><a href=\"https:\/\/photos.app.goo.gl\/oz7c7toHWHf6kJoS9\" target=\"_blank\" rel=\"noopener\"><img loading=\"lazy\" decoding=\"async\" class=\"wp-image-7047 size-medium aligncenter\" src=\"https:\/\/agora.xtec.cat\/iesdelvoltreganes\/wp-content\/uploads\/usu618\/2025\/02\/IMG_6591-225x300.jpg\" alt=\"\" width=\"225\" height=\"300\" srcset=\"https:\/\/agora.xtec.cat\/iesdelvoltreganes\/wp-content\/uploads\/usu618\/2025\/02\/IMG_6591-225x300.jpg 225w, https:\/\/agora.xtec.cat\/iesdelvoltreganes\/wp-content\/uploads\/usu618\/2025\/02\/IMG_6591-rotated.jpg 480w\" sizes=\"auto, (max-width: 225px) 100vw, 225px\" \/><\/a><\/p>\n<p>L&#8217;alumnat de 3r d\u2019ESO ha realitzar una excursi\u00f3 a la Vall de N\u00faria amb raquetes de neu. Abans de pujar amb el tren cremallera han pogut gaudir de l\u2019exposici\u00f3 de la d\u2019hist\u00f2ria del Cremallera de N\u00faria on han rebut explicacions del sistema piny\u00f3 cremallera que pr\u00f2ximament estudiaran a tecnologia. Ha estat un dia rod\u00f3.<\/p>\n","protected":false},"excerpt":{"rendered":"<p><a href=\"https:\/\/photos.app.goo.gl\/oz7c7toHWHf6kJoS9\" target=\"_blank\" rel=\"noopener\"><\/a><br \/>\nL&#8217;alumnat de 3r d\u2019ESO ha realitzar una excursi\u00f3 a la Vall de N\u00faria amb raquetes de neu. Abans de pujar amb el tren cremallera han pogut gaudir de l\u2019exposici\u00f3 de la d\u2019hist\u00f2ria del Cremallera de N\u00faria on han rebut explicacions del sistema&hellip;  <a href=\"https:\/\/agora.xtec.cat\/iesdelvoltreganes\/general\/excursio-a-la-vall-de-nuria-2\/\" title=\"Read Excursi\u00f3 a la Vall de N\u00faria\">Llegeix m\u00e9s\u00bb<\/a><\/p>\n","protected":false},"author":6,"featured_media":0,"comment_status":"closed","ping_status":"closed","sticky":false,"template":"","format":"standard","meta":{"_bbp_topic_count":0,"_bbp_reply_count":0,"_bbp_total_topic_count":0,"_bbp_total_reply_count":0,"_bbp_voice_count":0,"_bbp_anonymous_reply_count":0,"_bbp_topic_count_hidden":0,"_bbp_reply_count_hidden":0,"_bbp_forum_subforum_count":0,"footnotes":""},"categories":[65,67,6,1,29,64],"tags":[39],"class_list":["post-7042","post","type-post","status-publish","format-standard","hentry","category-ciencies-experimentals","category-educacio-fisica","category-eso-3","category-general","category-portada","category-tecnologia","tag-sortides"],"post_mailing_queue_ids":[],"_links":{"self":[{"href":"https:\/\/agora.xtec.cat\/iesdelvoltreganes\/wp-json\/wp\/v2\/posts\/7042","targetHints":{"allow":["GET"]}}],"collection":[{"href":"https:\/\/agora.xtec.cat\/iesdelvoltreganes\/wp-json\/wp\/v2\/posts"}],"about":[{"href":"https:\/\/agora.xtec.cat\/iesdelvoltreganes\/wp-json\/wp\/v2\/types\/post"}],"author":[{"embeddable":true,"href":"https:\/\/agora.xtec.cat\/iesdelvoltreganes\/wp-json\/wp\/v2\/users\/6"}],"replies":[{"embeddable":true,"href":"https:\/\/agora.xtec.cat\/iesdelvoltreganes\/wp-json\/wp\/v2\/comments?post=7042"}],"version-history":[{"count":5,"href":"https:\/\/agora.xtec.cat\/iesdelvoltreganes\/wp-json\/wp\/v2\/posts\/7042\/revisions"}],"predecessor-version":[{"id":7051,"href":"https:\/\/agora.xtec.cat\/iesdelvoltreganes\/wp-json\/wp\/v2\/posts\/7042\/revisions\/7051"}],"wp:attachment":[{"href":"https:\/\/agora.xtec.cat\/iesdelvoltreganes\/wp-json\/wp\/v2\/media?parent=7042"}],"wp:term":[{"taxonomy":"category","embeddable":true,"href":"https:\/\/agora.xtec.cat\/iesdelvoltreganes\/wp-json\/wp\/v2\/categories?post=7042"},{"taxonomy":"post_tag","embeddable":true,"href":"https:\/\/agora.xtec.cat\/iesdelvoltreganes\/wp-json\/wp\/v2\/tags?post=7042"}],"curies":[{"name":"wp","href":"https:\/\/api.w.org\/{rel}","templated":true}]}}