{"id":7036,"date":"2025-02-27T11:51:52","date_gmt":"2025-02-27T10:51:52","guid":{"rendered":"https:\/\/agora.xtec.cat\/iesdelvoltreganes\/?p=7036"},"modified":"2025-02-27T20:56:22","modified_gmt":"2025-02-27T19:56:22","slug":"premi-llegim-ciencia-4","status":"publish","type":"post","link":"https:\/\/agora.xtec.cat\/iesdelvoltreganes\/general\/premi-llegim-ciencia-4\/","title":{"rendered":"Premi Llegim Ci\u00e8ncia"},"content":{"rendered":"<p>Aquest 26\/2\/25 a la Universitat de Vic s\u2019ha celebrat la 13a edici\u00f3 del Premi Llegim Ci\u00e8ncia (PLC). Aquest concurs consisteix en la lectura d\u2019una novel\u00b7la d\u2019argument cient\u00edfic i la posterior creaci\u00f3 d\u2019uns relats. D\u2019aquesta manera la ci\u00e8ncia i la literatura es poden treballar lligades. Tamb\u00e9 es potencien valors com la igualtat entre els sexes, l\u2019acc\u00e9s a la ci\u00e8ncia de les noies, entre altres.<br \/>\nHi ha diverses modalitats en el concurs formulades a les bases del certamen literari. Aquest curs 24-25 el llibre escollit ha estat L\u2019EFECTE FRANKENSTEIN d\u2019Elia Barcel\u00f3, la qual ha assistit a l\u2019acte i ha respost a les preguntes dels joves.<br \/>\nEl jurat ha valorat els relats i ha lliurat els premis. Entre els guardonats l\u2019alumne del nostre centre Eudald Bonastre (de 4t d\u2019ESO) ha guanyat un 5\u00e8 premi de la modalitat B: on s\u2019havia d\u2019escriure una p\u00e0gina, del diari de laboratori de Viktor Frankenstein.<br \/>\nEnhorabona Eudald, i que la ci\u00e8ncia i la literatura continu\u00efn caminant de la m\u00e0 molts anys m\u00e9s!<\/p>\n<p><a href=\"https:\/\/agora.xtec.cat\/iesdelvoltreganes\/wp-content\/uploads\/usu618\/2025\/02\/IMG_20250226_120929-Copia-scaled.jpg\"><img loading=\"lazy\" decoding=\"async\" class=\"size-medium wp-image-7038 aligncenter\" src=\"https:\/\/agora.xtec.cat\/iesdelvoltreganes\/wp-content\/uploads\/usu618\/2025\/02\/IMG_20250226_120929-Copia-300x226.jpg\" alt=\"\" width=\"300\" height=\"226\" srcset=\"https:\/\/agora.xtec.cat\/iesdelvoltreganes\/wp-content\/uploads\/usu618\/2025\/02\/IMG_20250226_120929-Copia-300x226.jpg 300w, https:\/\/agora.xtec.cat\/iesdelvoltreganes\/wp-content\/uploads\/usu618\/2025\/02\/IMG_20250226_120929-Copia-1024x771.jpg 1024w, https:\/\/agora.xtec.cat\/iesdelvoltreganes\/wp-content\/uploads\/usu618\/2025\/02\/IMG_20250226_120929-Copia-768x578.jpg 768w, https:\/\/agora.xtec.cat\/iesdelvoltreganes\/wp-content\/uploads\/usu618\/2025\/02\/IMG_20250226_120929-Copia-1536x1157.jpg 1536w, https:\/\/agora.xtec.cat\/iesdelvoltreganes\/wp-content\/uploads\/usu618\/2025\/02\/IMG_20250226_120929-Copia-2048x1542.jpg 2048w, https:\/\/agora.xtec.cat\/iesdelvoltreganes\/wp-content\/uploads\/usu618\/2025\/02\/IMG_20250226_120929-Copia-200x150.jpg 200w\" sizes=\"auto, (max-width: 300px) 100vw, 300px\" \/><\/a><\/p>\n<p><a href=\"https:\/\/agora.xtec.cat\/iesdelvoltreganes\/wp-content\/uploads\/usu618\/2025\/02\/IMG_20250226_125831.jpg\"><img loading=\"lazy\" decoding=\"async\" class=\"size-medium wp-image-7039 aligncenter\" src=\"https:\/\/agora.xtec.cat\/iesdelvoltreganes\/wp-content\/uploads\/usu618\/2025\/02\/IMG_20250226_125831-300x226.jpg\" alt=\"\" width=\"300\" height=\"226\" srcset=\"https:\/\/agora.xtec.cat\/iesdelvoltreganes\/wp-content\/uploads\/usu618\/2025\/02\/IMG_20250226_125831-300x226.jpg 300w, https:\/\/agora.xtec.cat\/iesdelvoltreganes\/wp-content\/uploads\/usu618\/2025\/02\/IMG_20250226_125831-1024x771.jpg 1024w, https:\/\/agora.xtec.cat\/iesdelvoltreganes\/wp-content\/uploads\/usu618\/2025\/02\/IMG_20250226_125831-768x578.jpg 768w, https:\/\/agora.xtec.cat\/iesdelvoltreganes\/wp-content\/uploads\/usu618\/2025\/02\/IMG_20250226_125831-1536x1157.jpg 1536w, https:\/\/agora.xtec.cat\/iesdelvoltreganes\/wp-content\/uploads\/usu618\/2025\/02\/IMG_20250226_125831-200x150.jpg 200w, https:\/\/agora.xtec.cat\/iesdelvoltreganes\/wp-content\/uploads\/usu618\/2025\/02\/IMG_20250226_125831.jpg 2040w\" sizes=\"auto, (max-width: 300px) 100vw, 300px\" \/><\/a><\/p>\n","protected":false},"excerpt":{"rendered":"<p>Aquest 26\/2\/25 a la Universitat de Vic s\u2019ha celebrat la 13a edici\u00f3 del Premi Llegim Ci\u00e8ncia (PLC). Aquest concurs consisteix en la lectura d\u2019una novel\u00b7la d\u2019argument cient\u00edfic i la posterior creaci\u00f3 d\u2019uns relats. D\u2019aquesta manera la ci\u00e8ncia i la literatura es poden treballar lligades. Tamb\u00e9&hellip;  <a href=\"https:\/\/agora.xtec.cat\/iesdelvoltreganes\/general\/premi-llegim-ciencia-4\/\" title=\"Read Premi Llegim Ci\u00e8ncia\">Llegeix m\u00e9s\u00bb<\/a><\/p>\n","protected":false},"author":6,"featured_media":0,"comment_status":"closed","ping_status":"closed","sticky":false,"template":"","format":"standard","meta":{"_bbp_topic_count":0,"_bbp_reply_count":0,"_bbp_total_topic_count":0,"_bbp_total_reply_count":0,"_bbp_voice_count":0,"_bbp_anonymous_reply_count":0,"_bbp_topic_count_hidden":0,"_bbp_reply_count_hidden":0,"_bbp_forum_subforum_count":0,"footnotes":""},"categories":[65,1,29],"tags":[82],"class_list":["post-7036","post","type-post","status-publish","format-standard","hentry","category-ciencies-experimentals","category-general","category-portada","tag-llibres"],"post_mailing_queue_ids":[],"_links":{"self":[{"href":"https:\/\/agora.xtec.cat\/iesdelvoltreganes\/wp-json\/wp\/v2\/posts\/7036","targetHints":{"allow":["GET"]}}],"collection":[{"href":"https:\/\/agora.xtec.cat\/iesdelvoltreganes\/wp-json\/wp\/v2\/posts"}],"about":[{"href":"https:\/\/agora.xtec.cat\/iesdelvoltreganes\/wp-json\/wp\/v2\/types\/post"}],"author":[{"embeddable":true,"href":"https:\/\/agora.xtec.cat\/iesdelvoltreganes\/wp-json\/wp\/v2\/users\/6"}],"replies":[{"embeddable":true,"href":"https:\/\/agora.xtec.cat\/iesdelvoltreganes\/wp-json\/wp\/v2\/comments?post=7036"}],"version-history":[{"count":3,"href":"https:\/\/agora.xtec.cat\/iesdelvoltreganes\/wp-json\/wp\/v2\/posts\/7036\/revisions"}],"predecessor-version":[{"id":7052,"href":"https:\/\/agora.xtec.cat\/iesdelvoltreganes\/wp-json\/wp\/v2\/posts\/7036\/revisions\/7052"}],"wp:attachment":[{"href":"https:\/\/agora.xtec.cat\/iesdelvoltreganes\/wp-json\/wp\/v2\/media?parent=7036"}],"wp:term":[{"taxonomy":"category","embeddable":true,"href":"https:\/\/agora.xtec.cat\/iesdelvoltreganes\/wp-json\/wp\/v2\/categories?post=7036"},{"taxonomy":"post_tag","embeddable":true,"href":"https:\/\/agora.xtec.cat\/iesdelvoltreganes\/wp-json\/wp\/v2\/tags?post=7036"}],"curies":[{"name":"wp","href":"https:\/\/api.w.org\/{rel}","templated":true}]}}