{"id":7016,"date":"2025-02-24T16:24:43","date_gmt":"2025-02-24T15:24:43","guid":{"rendered":"https:\/\/agora.xtec.cat\/iesdelvoltreganes\/?p=7016"},"modified":"2025-02-24T16:31:25","modified_gmt":"2025-02-24T15:31:25","slug":"intercanvi-de-llengua-alemanya-amb-institut-de-bielefeld","status":"publish","type":"post","link":"https:\/\/agora.xtec.cat\/iesdelvoltreganes\/general\/intercanvi-de-llengua-alemanya-amb-institut-de-bielefeld\/","title":{"rendered":"Intercanvi de llengua alemanya amb institut de Bielefeld"},"content":{"rendered":"<p>Ja hem acabat l&#8217;intercanvi que duem a terme en l&#8217;assignatura de llengua alemanya entre l&#8217;Institut Max Planck de Bielefeld i el nostre institut, amb alumnat de 1r de Batxillerat. Ha sigut un intercanvi molt profit\u00f3s i una experi\u00e8ncia que ni les fam\u00edlies ni l&#8217;alumnat, ni el professorat que hi hem participat oblidarem f\u00e0cilment. Durant una setmana hem visitat Barcelona, Girona, Olot i la Fageda; hem fet activitats de descoberta a Vic, una Escape Room a l&#8217;institut i un formidable sopar amb les fam\u00edlies que han acollit al grup alemany, l&#8217;alumnat i els professors que hem participat de l&#8217;intercanvi.<\/p>\n<p>Ara ens queda la segona part. Del 2 al 9 d&#8217;abril ens despla\u00e7arem a Bielefeld on farem tot d&#8217;activitats que ens ajudaran a entendre la manera de ser i de viure d&#8217;un indret desconegut per a nosaltres i, sobretot, aprendrem a conviure i compartir amb persones que viuen una realitat diferent a la nostra. De ben segur que tindreu not\u00edcies nostres!<\/p>\n<p><a href=\"https:\/\/agora.xtec.cat\/iesdelvoltreganes\/wp-content\/uploads\/usu618\/2025\/02\/sagrada.jpg\"><img loading=\"lazy\" decoding=\"async\" class=\"size-medium wp-image-7020 aligncenter\" src=\"https:\/\/agora.xtec.cat\/iesdelvoltreganes\/wp-content\/uploads\/usu618\/2025\/02\/sagrada-225x300.jpg\" alt=\"\" width=\"225\" height=\"300\" srcset=\"https:\/\/agora.xtec.cat\/iesdelvoltreganes\/wp-content\/uploads\/usu618\/2025\/02\/sagrada-225x300.jpg 225w, https:\/\/agora.xtec.cat\/iesdelvoltreganes\/wp-content\/uploads\/usu618\/2025\/02\/sagrada-769x1024.jpg 769w, https:\/\/agora.xtec.cat\/iesdelvoltreganes\/wp-content\/uploads\/usu618\/2025\/02\/sagrada-768x1023.jpg 768w, https:\/\/agora.xtec.cat\/iesdelvoltreganes\/wp-content\/uploads\/usu618\/2025\/02\/sagrada-1153x1536.jpg 1153w, https:\/\/agora.xtec.cat\/iesdelvoltreganes\/wp-content\/uploads\/usu618\/2025\/02\/sagrada.jpg 1201w\" sizes=\"auto, (max-width: 225px) 100vw, 225px\" \/><\/a><\/p>\n<p><a href=\"https:\/\/agora.xtec.cat\/iesdelvoltreganes\/wp-content\/uploads\/usu618\/2025\/02\/gtion.jpg\"><img loading=\"lazy\" decoding=\"async\" class=\"size-medium wp-image-7018 aligncenter\" src=\"https:\/\/agora.xtec.cat\/iesdelvoltreganes\/wp-content\/uploads\/usu618\/2025\/02\/gtion-300x225.jpg\" alt=\"\" width=\"300\" height=\"225\" srcset=\"https:\/\/agora.xtec.cat\/iesdelvoltreganes\/wp-content\/uploads\/usu618\/2025\/02\/gtion-300x225.jpg 300w, https:\/\/agora.xtec.cat\/iesdelvoltreganes\/wp-content\/uploads\/usu618\/2025\/02\/gtion-1024x768.jpg 1024w, https:\/\/agora.xtec.cat\/iesdelvoltreganes\/wp-content\/uploads\/usu618\/2025\/02\/gtion-768x576.jpg 768w, https:\/\/agora.xtec.cat\/iesdelvoltreganes\/wp-content\/uploads\/usu618\/2025\/02\/gtion-1536x1152.jpg 1536w, https:\/\/agora.xtec.cat\/iesdelvoltreganes\/wp-content\/uploads\/usu618\/2025\/02\/gtion-200x150.jpg 200w, https:\/\/agora.xtec.cat\/iesdelvoltreganes\/wp-content\/uploads\/usu618\/2025\/02\/gtion.jpg 2048w\" sizes=\"auto, (max-width: 300px) 100vw, 300px\" \/><\/a><\/p>\n<p><a href=\"https:\/\/agora.xtec.cat\/iesdelvoltreganes\/wp-content\/uploads\/usu618\/2025\/02\/IMG20250217102729_BURST000_COVER.jpg\"><img loading=\"lazy\" decoding=\"async\" class=\"size-medium wp-image-7023 aligncenter\" src=\"https:\/\/agora.xtec.cat\/iesdelvoltreganes\/wp-content\/uploads\/usu618\/2025\/02\/IMG20250217102729_BURST000_COVER-300x226.jpg\" alt=\"\" width=\"300\" height=\"226\" srcset=\"https:\/\/agora.xtec.cat\/iesdelvoltreganes\/wp-content\/uploads\/usu618\/2025\/02\/IMG20250217102729_BURST000_COVER-300x226.jpg 300w, https:\/\/agora.xtec.cat\/iesdelvoltreganes\/wp-content\/uploads\/usu618\/2025\/02\/IMG20250217102729_BURST000_COVER-1024x771.jpg 1024w, https:\/\/agora.xtec.cat\/iesdelvoltreganes\/wp-content\/uploads\/usu618\/2025\/02\/IMG20250217102729_BURST000_COVER-768x578.jpg 768w, https:\/\/agora.xtec.cat\/iesdelvoltreganes\/wp-content\/uploads\/usu618\/2025\/02\/IMG20250217102729_BURST000_COVER-1536x1157.jpg 1536w, https:\/\/agora.xtec.cat\/iesdelvoltreganes\/wp-content\/uploads\/usu618\/2025\/02\/IMG20250217102729_BURST000_COVER-200x150.jpg 200w, https:\/\/agora.xtec.cat\/iesdelvoltreganes\/wp-content\/uploads\/usu618\/2025\/02\/IMG20250217102729_BURST000_COVER.jpg 2040w\" sizes=\"auto, (max-width: 300px) 100vw, 300px\" \/><\/a><\/p>\n<p><a href=\"https:\/\/agora.xtec.cat\/iesdelvoltreganes\/wp-content\/uploads\/usu618\/2025\/02\/IMG20250215210925.jpg\"><img loading=\"lazy\" decoding=\"async\" class=\"wp-image-7022 size-medium aligncenter\" src=\"https:\/\/agora.xtec.cat\/iesdelvoltreganes\/wp-content\/uploads\/usu618\/2025\/02\/IMG20250215210925-e1740411014809-300x134.jpg\" alt=\"\" width=\"300\" height=\"134\" srcset=\"https:\/\/agora.xtec.cat\/iesdelvoltreganes\/wp-content\/uploads\/usu618\/2025\/02\/IMG20250215210925-e1740411014809-300x134.jpg 300w, https:\/\/agora.xtec.cat\/iesdelvoltreganes\/wp-content\/uploads\/usu618\/2025\/02\/IMG20250215210925-e1740411014809-1024x458.jpg 1024w, https:\/\/agora.xtec.cat\/iesdelvoltreganes\/wp-content\/uploads\/usu618\/2025\/02\/IMG20250215210925-e1740411014809-768x343.jpg 768w, https:\/\/agora.xtec.cat\/iesdelvoltreganes\/wp-content\/uploads\/usu618\/2025\/02\/IMG20250215210925-e1740411014809.jpg 1268w\" sizes=\"auto, (max-width: 300px) 100vw, 300px\" \/><\/a><\/p>\n<p>&nbsp;<\/p>\n<p>&nbsp;<\/p>\n<p>&nbsp;<\/p>\n","protected":false},"excerpt":{"rendered":"<p>Ja hem acabat l&#8217;intercanvi que duem a terme en l&#8217;assignatura de llengua alemanya entre l&#8217;Institut Max Planck de Bielefeld i el nostre institut, amb alumnat de 1r de Batxillerat. Ha sigut un intercanvi molt profit\u00f3s i una experi\u00e8ncia que ni les fam\u00edlies ni l&#8217;alumnat, ni&hellip;  <a href=\"https:\/\/agora.xtec.cat\/iesdelvoltreganes\/general\/intercanvi-de-llengua-alemanya-amb-institut-de-bielefeld\/\" title=\"Read Intercanvi de llengua alemanya amb institut de Bielefeld\">Llegeix m\u00e9s\u00bb<\/a><\/p>\n","protected":false},"author":6,"featured_media":0,"comment_status":"closed","ping_status":"closed","sticky":false,"template":"","format":"standard","meta":{"_bbp_topic_count":0,"_bbp_reply_count":0,"_bbp_total_topic_count":0,"_bbp_total_reply_count":0,"_bbp_voice_count":0,"_bbp_anonymous_reply_count":0,"_bbp_topic_count_hidden":0,"_bbp_reply_count_hidden":0,"_bbp_forum_subforum_count":0,"footnotes":""},"categories":[8,1,71,29],"tags":[],"class_list":["post-7016","post","type-post","status-publish","format-standard","hentry","category-batxillerat","category-general","category-llengues-estrangeres","category-portada"],"post_mailing_queue_ids":[],"_links":{"self":[{"href":"https:\/\/agora.xtec.cat\/iesdelvoltreganes\/wp-json\/wp\/v2\/posts\/7016","targetHints":{"allow":["GET"]}}],"collection":[{"href":"https:\/\/agora.xtec.cat\/iesdelvoltreganes\/wp-json\/wp\/v2\/posts"}],"about":[{"href":"https:\/\/agora.xtec.cat\/iesdelvoltreganes\/wp-json\/wp\/v2\/types\/post"}],"author":[{"embeddable":true,"href":"https:\/\/agora.xtec.cat\/iesdelvoltreganes\/wp-json\/wp\/v2\/users\/6"}],"replies":[{"embeddable":true,"href":"https:\/\/agora.xtec.cat\/iesdelvoltreganes\/wp-json\/wp\/v2\/comments?post=7016"}],"version-history":[{"count":6,"href":"https:\/\/agora.xtec.cat\/iesdelvoltreganes\/wp-json\/wp\/v2\/posts\/7016\/revisions"}],"predecessor-version":[{"id":7027,"href":"https:\/\/agora.xtec.cat\/iesdelvoltreganes\/wp-json\/wp\/v2\/posts\/7016\/revisions\/7027"}],"wp:attachment":[{"href":"https:\/\/agora.xtec.cat\/iesdelvoltreganes\/wp-json\/wp\/v2\/media?parent=7016"}],"wp:term":[{"taxonomy":"category","embeddable":true,"href":"https:\/\/agora.xtec.cat\/iesdelvoltreganes\/wp-json\/wp\/v2\/categories?post=7016"},{"taxonomy":"post_tag","embeddable":true,"href":"https:\/\/agora.xtec.cat\/iesdelvoltreganes\/wp-json\/wp\/v2\/tags?post=7016"}],"curies":[{"name":"wp","href":"https:\/\/api.w.org\/{rel}","templated":true}]}}