{"id":7009,"date":"2025-02-24T17:07:38","date_gmt":"2025-02-24T16:07:38","guid":{"rendered":"https:\/\/agora.xtec.cat\/iesdelvoltreganes\/?p=7009"},"modified":"2025-02-24T17:07:38","modified_gmt":"2025-02-24T16:07:38","slug":"microbit","status":"publish","type":"post","link":"https:\/\/agora.xtec.cat\/iesdelvoltreganes\/general\/microbit\/","title":{"rendered":"Micro:bit!"},"content":{"rendered":"<p>L&#8217;alumnat de 3r d&#8217;ESO continua avan\u00e7ant en programaci\u00f3 i rob\u00f2tica amb Micro:bit!<br \/>\nAquesta setmana hem fet un pas m\u00e9s i hem comen\u00e7at a utilitzar la placa d\u2019extensi\u00f3 Micro:shield per ampliar les possibilitats dels nostres projectes.<\/p>\n<p><iframe loading=\"lazy\" title=\"YouTube video player\" src=\"\/\/www.youtube.com\/embed\/Kwo-hi24lF8?si=YY4mtIgq6Diq_rp6\" width=\"560\" height=\"315\" frameborder=\"0\" allowfullscreen=\"allowfullscreen\"><\/iframe><\/p>\n","protected":false},"excerpt":{"rendered":"<p>L&#8217;alumnat de 3r d&#8217;ESO continua avan\u00e7ant en programaci\u00f3 i rob\u00f2tica amb Micro:bit!<br \/>\nAquesta setmana hem fet un pas m\u00e9s i hem comen\u00e7at a utilitzar la placa d\u2019extensi\u00f3 Micro:shield per ampliar les possibilitats dels nostres projectes.<\/p>\n","protected":false},"author":6,"featured_media":7034,"comment_status":"closed","ping_status":"closed","sticky":false,"template":"","format":"standard","meta":{"_bbp_topic_count":0,"_bbp_reply_count":0,"_bbp_total_topic_count":0,"_bbp_total_reply_count":0,"_bbp_voice_count":0,"_bbp_anonymous_reply_count":0,"_bbp_topic_count_hidden":0,"_bbp_reply_count_hidden":0,"_bbp_forum_subforum_count":0,"footnotes":""},"categories":[6,1,29,64],"tags":[],"class_list":["post-7009","post","type-post","status-publish","format-standard","has-post-thumbnail","hentry","category-eso-3","category-general","category-portada","category-tecnologia"],"post_mailing_queue_ids":[],"_links":{"self":[{"href":"https:\/\/agora.xtec.cat\/iesdelvoltreganes\/wp-json\/wp\/v2\/posts\/7009","targetHints":{"allow":["GET"]}}],"collection":[{"href":"https:\/\/agora.xtec.cat\/iesdelvoltreganes\/wp-json\/wp\/v2\/posts"}],"about":[{"href":"https:\/\/agora.xtec.cat\/iesdelvoltreganes\/wp-json\/wp\/v2\/types\/post"}],"author":[{"embeddable":true,"href":"https:\/\/agora.xtec.cat\/iesdelvoltreganes\/wp-json\/wp\/v2\/users\/6"}],"replies":[{"embeddable":true,"href":"https:\/\/agora.xtec.cat\/iesdelvoltreganes\/wp-json\/wp\/v2\/comments?post=7009"}],"version-history":[{"count":2,"href":"https:\/\/agora.xtec.cat\/iesdelvoltreganes\/wp-json\/wp\/v2\/posts\/7009\/revisions"}],"predecessor-version":[{"id":7035,"href":"https:\/\/agora.xtec.cat\/iesdelvoltreganes\/wp-json\/wp\/v2\/posts\/7009\/revisions\/7035"}],"wp:featuredmedia":[{"embeddable":true,"href":"https:\/\/agora.xtec.cat\/iesdelvoltreganes\/wp-json\/wp\/v2\/media\/7034"}],"wp:attachment":[{"href":"https:\/\/agora.xtec.cat\/iesdelvoltreganes\/wp-json\/wp\/v2\/media?parent=7009"}],"wp:term":[{"taxonomy":"category","embeddable":true,"href":"https:\/\/agora.xtec.cat\/iesdelvoltreganes\/wp-json\/wp\/v2\/categories?post=7009"},{"taxonomy":"post_tag","embeddable":true,"href":"https:\/\/agora.xtec.cat\/iesdelvoltreganes\/wp-json\/wp\/v2\/tags?post=7009"}],"curies":[{"name":"wp","href":"https:\/\/api.w.org\/{rel}","templated":true}]}}