{"id":6984,"date":"2025-02-13T15:00:54","date_gmt":"2025-02-13T14:00:54","guid":{"rendered":"https:\/\/agora.xtec.cat\/iesdelvoltreganes\/?p=6984"},"modified":"2025-02-14T10:26:12","modified_gmt":"2025-02-14T09:26:12","slug":"ja-comenca-lintercanvi-amb-alemanya","status":"publish","type":"post","link":"https:\/\/agora.xtec.cat\/iesdelvoltreganes\/general\/ja-comenca-lintercanvi-amb-alemanya\/","title":{"rendered":"Ja comen\u00e7a l&#8217;intercanvi amb Alemanya"},"content":{"rendered":"<p>Avui a les 15:00 h han arribat a l&#8217;estaci\u00f3 de tren de Vic el grup d&#8217;estudiants alemanys que participen, juntament amb el nostre alumnat de 1r de Batxillerat que ha estudiat alemany, de l&#8217;intercanvi entre Les Maisies i Bielefeld . \u00c9s un intercanvi que anem fent regularment i que ens portar\u00e0 d&#8217;avui fins el dia 20 de febrer a visitar i con\u00e8ixer Barcelona, Girona, la Fageda i participar d&#8217;un projecte de comunicaci\u00f3 que culminar\u00e0 amb la gravaci\u00f3 d&#8217;un podcast. \u00c9s una setmana on l&#8217;alumnat d&#8217;Alemanya pot posar en pr\u00e0ctica el seu coneixement de castell\u00e0 i el nostre alumnat pot practicar la llengua alemanya.<\/p>\n<p>Del 2 al 9 d&#8217;abril serem nosaltres qui completarem l&#8217;intercanvi viatjant a Bielefeld i coneixerem aquesta zona d&#8217;Alemanya. Estem segurs que en trauran una gran experi\u00e8ncia!<\/p>\n<p><a href=\"https:\/\/photos.app.goo.gl\/vcEtc625B7zcztQQ6\" target=\"_blank\" rel=\"noopener\"><img loading=\"lazy\" decoding=\"async\" class=\"aligncenter wp-image-6985 size-medium\" src=\"https:\/\/agora.xtec.cat\/iesdelvoltreganes\/wp-content\/uploads\/usu618\/2025\/02\/bielefeld1-300x226.png\" alt=\"\" width=\"300\" height=\"226\" srcset=\"https:\/\/agora.xtec.cat\/iesdelvoltreganes\/wp-content\/uploads\/usu618\/2025\/02\/bielefeld1-300x226.png 300w, https:\/\/agora.xtec.cat\/iesdelvoltreganes\/wp-content\/uploads\/usu618\/2025\/02\/bielefeld1-768x578.png 768w, https:\/\/agora.xtec.cat\/iesdelvoltreganes\/wp-content\/uploads\/usu618\/2025\/02\/bielefeld1-200x150.png 200w, https:\/\/agora.xtec.cat\/iesdelvoltreganes\/wp-content\/uploads\/usu618\/2025\/02\/bielefeld1.png 1020w\" sizes=\"auto, (max-width: 300px) 100vw, 300px\" \/><\/a><\/p>\n","protected":false},"excerpt":{"rendered":"<p>Avui a les 15:00 h han arribat a l&#8217;estaci\u00f3 de tren de Vic el grup d&#8217;estudiants alemanys que participen, juntament amb el nostre alumnat de 1r de Batxillerat que ha estudiat alemany, de l&#8217;intercanvi entre Les Maisies i Bielefeld . \u00c9s un intercanvi que anem&hellip;  <a href=\"https:\/\/agora.xtec.cat\/iesdelvoltreganes\/general\/ja-comenca-lintercanvi-amb-alemanya\/\" title=\"Read Ja comen\u00e7a l&#8217;intercanvi amb Alemanya\">Llegeix m\u00e9s\u00bb<\/a><\/p>\n","protected":false},"author":6,"featured_media":0,"comment_status":"closed","ping_status":"closed","sticky":false,"template":"","format":"standard","meta":{"_bbp_topic_count":0,"_bbp_reply_count":0,"_bbp_total_topic_count":0,"_bbp_total_reply_count":0,"_bbp_voice_count":0,"_bbp_anonymous_reply_count":0,"_bbp_topic_count_hidden":0,"_bbp_reply_count_hidden":0,"_bbp_forum_subforum_count":0,"footnotes":""},"categories":[1,71,29],"tags":[],"class_list":["post-6984","post","type-post","status-publish","format-standard","hentry","category-general","category-llengues-estrangeres","category-portada"],"post_mailing_queue_ids":[],"_links":{"self":[{"href":"https:\/\/agora.xtec.cat\/iesdelvoltreganes\/wp-json\/wp\/v2\/posts\/6984","targetHints":{"allow":["GET"]}}],"collection":[{"href":"https:\/\/agora.xtec.cat\/iesdelvoltreganes\/wp-json\/wp\/v2\/posts"}],"about":[{"href":"https:\/\/agora.xtec.cat\/iesdelvoltreganes\/wp-json\/wp\/v2\/types\/post"}],"author":[{"embeddable":true,"href":"https:\/\/agora.xtec.cat\/iesdelvoltreganes\/wp-json\/wp\/v2\/users\/6"}],"replies":[{"embeddable":true,"href":"https:\/\/agora.xtec.cat\/iesdelvoltreganes\/wp-json\/wp\/v2\/comments?post=6984"}],"version-history":[{"count":2,"href":"https:\/\/agora.xtec.cat\/iesdelvoltreganes\/wp-json\/wp\/v2\/posts\/6984\/revisions"}],"predecessor-version":[{"id":6987,"href":"https:\/\/agora.xtec.cat\/iesdelvoltreganes\/wp-json\/wp\/v2\/posts\/6984\/revisions\/6987"}],"wp:attachment":[{"href":"https:\/\/agora.xtec.cat\/iesdelvoltreganes\/wp-json\/wp\/v2\/media?parent=6984"}],"wp:term":[{"taxonomy":"category","embeddable":true,"href":"https:\/\/agora.xtec.cat\/iesdelvoltreganes\/wp-json\/wp\/v2\/categories?post=6984"},{"taxonomy":"post_tag","embeddable":true,"href":"https:\/\/agora.xtec.cat\/iesdelvoltreganes\/wp-json\/wp\/v2\/tags?post=6984"}],"curies":[{"name":"wp","href":"https:\/\/api.w.org\/{rel}","templated":true}]}}