{"id":6966,"date":"2025-02-05T12:26:29","date_gmt":"2025-02-05T11:26:29","guid":{"rendered":"https:\/\/agora.xtec.cat\/iesdelvoltreganes\/?p=6966"},"modified":"2025-02-05T12:27:05","modified_gmt":"2025-02-05T11:27:05","slug":"visita-de-lassociacio-rosa-dilme","status":"publish","type":"post","link":"https:\/\/agora.xtec.cat\/iesdelvoltreganes\/general\/visita-de-lassociacio-rosa-dilme\/","title":{"rendered":"Visita de l&#8217;Associaci\u00f3 Rosa Dilm\u00e9"},"content":{"rendered":"<p>En el marc del Servei Comunitari de 4t d\u2019ESO, l\u2019alumnat ha rebut la visita de la presidenta de l&#8217;Associaci\u00f3 Rosa Dilm\u00e9 (@associaciorosadilme), vinculada amb Ruanda. La Maria ens ha situat Ruanda en el context hist\u00f2ric, ling\u00fc\u00edstic i cultural i ens ha explicat el funcionament de l&#8217;entitat.<\/p>\n<p><a href=\"https:\/\/photos.app.goo.gl\/guu7PB2gCsz26J1q8\" target=\"_blank\" rel=\"noopener\"><img loading=\"lazy\" decoding=\"async\" class=\"wp-image-6969 size-medium aligncenter\" src=\"https:\/\/agora.xtec.cat\/iesdelvoltreganes\/wp-content\/uploads\/usu618\/2025\/02\/IMG-20250130-WA0004-1-225x300.jpg\" alt=\"\" width=\"225\" height=\"300\" srcset=\"https:\/\/agora.xtec.cat\/iesdelvoltreganes\/wp-content\/uploads\/usu618\/2025\/02\/IMG-20250130-WA0004-1-225x300.jpg 225w, https:\/\/agora.xtec.cat\/iesdelvoltreganes\/wp-content\/uploads\/usu618\/2025\/02\/IMG-20250130-WA0004-1-768x1024.jpg 768w, https:\/\/agora.xtec.cat\/iesdelvoltreganes\/wp-content\/uploads\/usu618\/2025\/02\/IMG-20250130-WA0004-1-1152x1536.jpg 1152w, https:\/\/agora.xtec.cat\/iesdelvoltreganes\/wp-content\/uploads\/usu618\/2025\/02\/IMG-20250130-WA0004-1.jpg 1200w\" sizes=\"auto, (max-width: 225px) 100vw, 225px\" \/><\/a><\/p>\n<p>&nbsp;<\/p>\n","protected":false},"excerpt":{"rendered":"<p>En el marc del Servei Comunitari de 4t d\u2019ESO, l\u2019alumnat ha rebut la visita de la presidenta de l&#8217;Associaci\u00f3 Rosa Dilm\u00e9 (@associaciorosadilme), vinculada amb Ruanda. La Maria ens ha situat Ruanda en el context hist\u00f2ric, ling\u00fc\u00edstic i cultural i ens ha explicat el funcionament de&hellip;  <a href=\"https:\/\/agora.xtec.cat\/iesdelvoltreganes\/general\/visita-de-lassociacio-rosa-dilme\/\" title=\"Read Visita de l&#8217;Associaci\u00f3 Rosa Dilm\u00e9\">Llegeix m\u00e9s\u00bb<\/a><\/p>\n","protected":false},"author":6,"featured_media":0,"comment_status":"closed","ping_status":"closed","sticky":false,"template":"","format":"standard","meta":{"_bbp_topic_count":0,"_bbp_reply_count":0,"_bbp_total_topic_count":0,"_bbp_total_reply_count":0,"_bbp_voice_count":0,"_bbp_anonymous_reply_count":0,"_bbp_topic_count_hidden":0,"_bbp_reply_count_hidden":0,"_bbp_forum_subforum_count":0,"footnotes":""},"categories":[7,1,29],"tags":[44],"class_list":["post-6966","post","type-post","status-publish","format-standard","hentry","category-eso-4","category-general","category-portada","tag-xerrades"],"post_mailing_queue_ids":[],"_links":{"self":[{"href":"https:\/\/agora.xtec.cat\/iesdelvoltreganes\/wp-json\/wp\/v2\/posts\/6966","targetHints":{"allow":["GET"]}}],"collection":[{"href":"https:\/\/agora.xtec.cat\/iesdelvoltreganes\/wp-json\/wp\/v2\/posts"}],"about":[{"href":"https:\/\/agora.xtec.cat\/iesdelvoltreganes\/wp-json\/wp\/v2\/types\/post"}],"author":[{"embeddable":true,"href":"https:\/\/agora.xtec.cat\/iesdelvoltreganes\/wp-json\/wp\/v2\/users\/6"}],"replies":[{"embeddable":true,"href":"https:\/\/agora.xtec.cat\/iesdelvoltreganes\/wp-json\/wp\/v2\/comments?post=6966"}],"version-history":[{"count":2,"href":"https:\/\/agora.xtec.cat\/iesdelvoltreganes\/wp-json\/wp\/v2\/posts\/6966\/revisions"}],"predecessor-version":[{"id":6970,"href":"https:\/\/agora.xtec.cat\/iesdelvoltreganes\/wp-json\/wp\/v2\/posts\/6966\/revisions\/6970"}],"wp:attachment":[{"href":"https:\/\/agora.xtec.cat\/iesdelvoltreganes\/wp-json\/wp\/v2\/media?parent=6966"}],"wp:term":[{"taxonomy":"category","embeddable":true,"href":"https:\/\/agora.xtec.cat\/iesdelvoltreganes\/wp-json\/wp\/v2\/categories?post=6966"},{"taxonomy":"post_tag","embeddable":true,"href":"https:\/\/agora.xtec.cat\/iesdelvoltreganes\/wp-json\/wp\/v2\/tags?post=6966"}],"curies":[{"name":"wp","href":"https:\/\/api.w.org\/{rel}","templated":true}]}}