{"id":6949,"date":"2025-01-27T09:26:20","date_gmt":"2025-01-27T08:26:20","guid":{"rendered":"https:\/\/agora.xtec.cat\/iesdelvoltreganes\/?p=6949"},"modified":"2025-01-27T12:21:22","modified_gmt":"2025-01-27T11:21:22","slug":"construccio-duna-estructura-resistent","status":"publish","type":"post","link":"https:\/\/agora.xtec.cat\/iesdelvoltreganes\/general\/construccio-duna-estructura-resistent\/","title":{"rendered":"Construcci\u00f3 d&#8217;una estructura resistent"},"content":{"rendered":"<p>L&#8217;alumnat de 3r d&#8217;ESO a tecnologia ha seguit tot el proc\u00e9s tecnol\u00f2gic per crear una construcci\u00f3\/estructura resistent (no es deforma, no es tomba i \u00e9s r\u00edgida) a partir d\u2019elements aparentment poc resistents, com els palets de fusta.<br \/>\nAquests en s\u00f3n els resultats. Com podeu veure la gran majoria ha fet servir la t\u00e8cnica de la triangulaci\u00f3, tal i com fan els enginyers a la vida real.<\/p>\n<p>Ara toca comprovar la seva resist\u00e8ncia. Ben aviat podreu veure els assajos dels ponts i determinar la c\u00e0rrega m\u00e0xima que han suportat.<\/p>\n<p><a href=\"https:\/\/photos.app.goo.gl\/E9s6T2pjU81hPJ7j9\" target=\"_blank\" rel=\"noopener\"><img loading=\"lazy\" decoding=\"async\" class=\"aligncenter wp-image-6950 size-medium\" src=\"https:\/\/agora.xtec.cat\/iesdelvoltreganes\/wp-content\/uploads\/usu618\/2025\/01\/image-300x225.png\" alt=\"\" width=\"300\" height=\"225\" srcset=\"https:\/\/agora.xtec.cat\/iesdelvoltreganes\/wp-content\/uploads\/usu618\/2025\/01\/image-300x225.png 300w, https:\/\/agora.xtec.cat\/iesdelvoltreganes\/wp-content\/uploads\/usu618\/2025\/01\/image-200x150.png 200w, https:\/\/agora.xtec.cat\/iesdelvoltreganes\/wp-content\/uploads\/usu618\/2025\/01\/image.png 640w\" sizes=\"auto, (max-width: 300px) 100vw, 300px\" \/><\/a><\/p>\n","protected":false},"excerpt":{"rendered":"<p>L&#8217;alumnat de 3r d&#8217;ESO a tecnologia ha seguit tot el proc\u00e9s tecnol\u00f2gic per crear una construcci\u00f3\/estructura resistent (no es deforma, no es tomba i \u00e9s r\u00edgida) a partir d\u2019elements aparentment poc resistents, com els palets de fusta.<br \/>\nAquests en s\u00f3n els resultats. Com podeu veure la&hellip;  <a href=\"https:\/\/agora.xtec.cat\/iesdelvoltreganes\/general\/construccio-duna-estructura-resistent\/\" title=\"Read Construcci\u00f3 d&#8217;una estructura resistent\">Llegeix m\u00e9s\u00bb<\/a><\/p>\n","protected":false},"author":6,"featured_media":0,"comment_status":"closed","ping_status":"closed","sticky":false,"template":"","format":"standard","meta":{"_bbp_topic_count":0,"_bbp_reply_count":0,"_bbp_total_topic_count":0,"_bbp_total_reply_count":0,"_bbp_voice_count":0,"_bbp_anonymous_reply_count":0,"_bbp_topic_count_hidden":0,"_bbp_reply_count_hidden":0,"_bbp_forum_subforum_count":0,"footnotes":""},"categories":[6,1,29,64],"tags":[],"class_list":["post-6949","post","type-post","status-publish","format-standard","hentry","category-eso-3","category-general","category-portada","category-tecnologia"],"post_mailing_queue_ids":[],"_links":{"self":[{"href":"https:\/\/agora.xtec.cat\/iesdelvoltreganes\/wp-json\/wp\/v2\/posts\/6949","targetHints":{"allow":["GET"]}}],"collection":[{"href":"https:\/\/agora.xtec.cat\/iesdelvoltreganes\/wp-json\/wp\/v2\/posts"}],"about":[{"href":"https:\/\/agora.xtec.cat\/iesdelvoltreganes\/wp-json\/wp\/v2\/types\/post"}],"author":[{"embeddable":true,"href":"https:\/\/agora.xtec.cat\/iesdelvoltreganes\/wp-json\/wp\/v2\/users\/6"}],"replies":[{"embeddable":true,"href":"https:\/\/agora.xtec.cat\/iesdelvoltreganes\/wp-json\/wp\/v2\/comments?post=6949"}],"version-history":[{"count":3,"href":"https:\/\/agora.xtec.cat\/iesdelvoltreganes\/wp-json\/wp\/v2\/posts\/6949\/revisions"}],"predecessor-version":[{"id":6957,"href":"https:\/\/agora.xtec.cat\/iesdelvoltreganes\/wp-json\/wp\/v2\/posts\/6949\/revisions\/6957"}],"wp:attachment":[{"href":"https:\/\/agora.xtec.cat\/iesdelvoltreganes\/wp-json\/wp\/v2\/media?parent=6949"}],"wp:term":[{"taxonomy":"category","embeddable":true,"href":"https:\/\/agora.xtec.cat\/iesdelvoltreganes\/wp-json\/wp\/v2\/categories?post=6949"},{"taxonomy":"post_tag","embeddable":true,"href":"https:\/\/agora.xtec.cat\/iesdelvoltreganes\/wp-json\/wp\/v2\/tags?post=6949"}],"curies":[{"name":"wp","href":"https:\/\/api.w.org\/{rel}","templated":true}]}}