{"id":6933,"date":"2025-01-20T09:23:30","date_gmt":"2025-01-20T08:23:30","guid":{"rendered":"https:\/\/agora.xtec.cat\/iesdelvoltreganes\/?p=6933"},"modified":"2025-01-20T09:23:59","modified_gmt":"2025-01-20T08:23:59","slug":"proces-de-creacio-dun-llibre","status":"publish","type":"post","link":"https:\/\/agora.xtec.cat\/iesdelvoltreganes\/general\/proces-de-creacio-dun-llibre\/","title":{"rendered":"Proc\u00e9s de creaci\u00f3 d&#8217;un llibre"},"content":{"rendered":"<p>L\u2019escriptor Arturo Padilla, autor del llibre: <em>Presoners del mar<\/em>, ens va visitar a la biblioteca del nostre centre el dia 17 de gener i va parlar amb els alumnes de primer d\u2019ESO sobre el proc\u00e9s de creaci\u00f3 del llibre. La xerrada tingu\u00e9 diverses parts. Durant la primera va explicar els diferents aspectes de la seva obra i, en la segona, va respondre les preguntes dels alumnes. A continuaci\u00f3, cada grup d\u2019ESO es va fer una foto amb l\u2019autor i, finalment, l\u2019Arturo Padilla va signar els llibres als alumnes.<\/p>\n<p><a href=\"https:\/\/agora.xtec.cat\/iesdelvoltreganes\/wp-content\/uploads\/usu618\/2025\/01\/1r-ESO-B-25.jpg\"><img loading=\"lazy\" decoding=\"async\" class=\"size-medium wp-image-6934 aligncenter\" src=\"https:\/\/agora.xtec.cat\/iesdelvoltreganes\/wp-content\/uploads\/usu618\/2025\/01\/1r-ESO-B-25-300x225.jpg\" alt=\"\" width=\"300\" height=\"225\" srcset=\"https:\/\/agora.xtec.cat\/iesdelvoltreganes\/wp-content\/uploads\/usu618\/2025\/01\/1r-ESO-B-25-300x225.jpg 300w, https:\/\/agora.xtec.cat\/iesdelvoltreganes\/wp-content\/uploads\/usu618\/2025\/01\/1r-ESO-B-25-1024x768.jpg 1024w, https:\/\/agora.xtec.cat\/iesdelvoltreganes\/wp-content\/uploads\/usu618\/2025\/01\/1r-ESO-B-25-768x576.jpg 768w, https:\/\/agora.xtec.cat\/iesdelvoltreganes\/wp-content\/uploads\/usu618\/2025\/01\/1r-ESO-B-25-1536x1152.jpg 1536w, https:\/\/agora.xtec.cat\/iesdelvoltreganes\/wp-content\/uploads\/usu618\/2025\/01\/1r-ESO-B-25-200x150.jpg 200w, https:\/\/agora.xtec.cat\/iesdelvoltreganes\/wp-content\/uploads\/usu618\/2025\/01\/1r-ESO-B-25.jpg 2016w\" sizes=\"auto, (max-width: 300px) 100vw, 300px\" \/><\/a><\/p>\n<p><a href=\"https:\/\/agora.xtec.cat\/iesdelvoltreganes\/wp-content\/uploads\/usu618\/2025\/01\/1r-ESO-C.-25.jpg\"><img loading=\"lazy\" decoding=\"async\" class=\"size-medium wp-image-6935 aligncenter\" src=\"https:\/\/agora.xtec.cat\/iesdelvoltreganes\/wp-content\/uploads\/usu618\/2025\/01\/1r-ESO-C.-25-300x225.jpg\" alt=\"\" width=\"300\" height=\"225\" srcset=\"https:\/\/agora.xtec.cat\/iesdelvoltreganes\/wp-content\/uploads\/usu618\/2025\/01\/1r-ESO-C.-25-300x225.jpg 300w, https:\/\/agora.xtec.cat\/iesdelvoltreganes\/wp-content\/uploads\/usu618\/2025\/01\/1r-ESO-C.-25-1024x768.jpg 1024w, https:\/\/agora.xtec.cat\/iesdelvoltreganes\/wp-content\/uploads\/usu618\/2025\/01\/1r-ESO-C.-25-768x576.jpg 768w, https:\/\/agora.xtec.cat\/iesdelvoltreganes\/wp-content\/uploads\/usu618\/2025\/01\/1r-ESO-C.-25-1536x1152.jpg 1536w, https:\/\/agora.xtec.cat\/iesdelvoltreganes\/wp-content\/uploads\/usu618\/2025\/01\/1r-ESO-C.-25-200x150.jpg 200w, https:\/\/agora.xtec.cat\/iesdelvoltreganes\/wp-content\/uploads\/usu618\/2025\/01\/1r-ESO-C.-25.jpg 2016w\" sizes=\"auto, (max-width: 300px) 100vw, 300px\" \/><\/a><\/p>\n<p><a href=\"https:\/\/agora.xtec.cat\/iesdelvoltreganes\/wp-content\/uploads\/usu618\/2025\/01\/1r-ESO-A.-25.jpg\"><img loading=\"lazy\" decoding=\"async\" class=\"size-medium wp-image-6936 aligncenter\" src=\"https:\/\/agora.xtec.cat\/iesdelvoltreganes\/wp-content\/uploads\/usu618\/2025\/01\/1r-ESO-A.-25-300x225.jpg\" alt=\"\" width=\"300\" height=\"225\" srcset=\"https:\/\/agora.xtec.cat\/iesdelvoltreganes\/wp-content\/uploads\/usu618\/2025\/01\/1r-ESO-A.-25-300x225.jpg 300w, https:\/\/agora.xtec.cat\/iesdelvoltreganes\/wp-content\/uploads\/usu618\/2025\/01\/1r-ESO-A.-25-1024x768.jpg 1024w, https:\/\/agora.xtec.cat\/iesdelvoltreganes\/wp-content\/uploads\/usu618\/2025\/01\/1r-ESO-A.-25-768x576.jpg 768w, https:\/\/agora.xtec.cat\/iesdelvoltreganes\/wp-content\/uploads\/usu618\/2025\/01\/1r-ESO-A.-25-1536x1152.jpg 1536w, https:\/\/agora.xtec.cat\/iesdelvoltreganes\/wp-content\/uploads\/usu618\/2025\/01\/1r-ESO-A.-25-200x150.jpg 200w, https:\/\/agora.xtec.cat\/iesdelvoltreganes\/wp-content\/uploads\/usu618\/2025\/01\/1r-ESO-A.-25.jpg 2016w\" sizes=\"auto, (max-width: 300px) 100vw, 300px\" \/><\/a><\/p>\n","protected":false},"excerpt":{"rendered":"<p>L\u2019escriptor Arturo Padilla, autor del llibre: Presoners del mar, ens va visitar a la biblioteca del nostre centre el dia 17 de gener i va parlar amb els alumnes de primer d\u2019ESO sobre el proc\u00e9s de creaci\u00f3 del llibre. La xerrada tingu\u00e9 diverses parts. Durant&hellip;  <a href=\"https:\/\/agora.xtec.cat\/iesdelvoltreganes\/general\/proces-de-creacio-dun-llibre\/\" title=\"Read Proc\u00e9s de creaci\u00f3 d&#8217;un llibre\">Llegeix m\u00e9s\u00bb<\/a><\/p>\n","protected":false},"author":6,"featured_media":0,"comment_status":"closed","ping_status":"closed","sticky":false,"template":"","format":"standard","meta":{"_bbp_topic_count":0,"_bbp_reply_count":0,"_bbp_total_topic_count":0,"_bbp_total_reply_count":0,"_bbp_voice_count":0,"_bbp_anonymous_reply_count":0,"_bbp_topic_count_hidden":0,"_bbp_reply_count_hidden":0,"_bbp_forum_subforum_count":0,"footnotes":""},"categories":[4,1,72,29],"tags":[82],"class_list":["post-6933","post","type-post","status-publish","format-standard","hentry","category-eso-1","category-general","category-llengues-i-literatura","category-portada","tag-llibres"],"post_mailing_queue_ids":[],"_links":{"self":[{"href":"https:\/\/agora.xtec.cat\/iesdelvoltreganes\/wp-json\/wp\/v2\/posts\/6933","targetHints":{"allow":["GET"]}}],"collection":[{"href":"https:\/\/agora.xtec.cat\/iesdelvoltreganes\/wp-json\/wp\/v2\/posts"}],"about":[{"href":"https:\/\/agora.xtec.cat\/iesdelvoltreganes\/wp-json\/wp\/v2\/types\/post"}],"author":[{"embeddable":true,"href":"https:\/\/agora.xtec.cat\/iesdelvoltreganes\/wp-json\/wp\/v2\/users\/6"}],"replies":[{"embeddable":true,"href":"https:\/\/agora.xtec.cat\/iesdelvoltreganes\/wp-json\/wp\/v2\/comments?post=6933"}],"version-history":[{"count":2,"href":"https:\/\/agora.xtec.cat\/iesdelvoltreganes\/wp-json\/wp\/v2\/posts\/6933\/revisions"}],"predecessor-version":[{"id":6938,"href":"https:\/\/agora.xtec.cat\/iesdelvoltreganes\/wp-json\/wp\/v2\/posts\/6933\/revisions\/6938"}],"wp:attachment":[{"href":"https:\/\/agora.xtec.cat\/iesdelvoltreganes\/wp-json\/wp\/v2\/media?parent=6933"}],"wp:term":[{"taxonomy":"category","embeddable":true,"href":"https:\/\/agora.xtec.cat\/iesdelvoltreganes\/wp-json\/wp\/v2\/categories?post=6933"},{"taxonomy":"post_tag","embeddable":true,"href":"https:\/\/agora.xtec.cat\/iesdelvoltreganes\/wp-json\/wp\/v2\/tags?post=6933"}],"curies":[{"name":"wp","href":"https:\/\/api.w.org\/{rel}","templated":true}]}}