{"id":6887,"date":"2024-12-16T17:59:54","date_gmt":"2024-12-16T16:59:54","guid":{"rendered":"https:\/\/agora.xtec.cat\/iesdelvoltreganes\/?p=6887"},"modified":"2024-12-16T17:59:54","modified_gmt":"2024-12-16T16:59:54","slug":"visita-guiada-pel-casc-antic-de-la-ciutat-de-girona","status":"publish","type":"post","link":"https:\/\/agora.xtec.cat\/iesdelvoltreganes\/general\/visita-guiada-pel-casc-antic-de-la-ciutat-de-girona\/","title":{"rendered":"Visita guiada pel casc antic de la ciutat de Girona"},"content":{"rendered":"<p>Divendres, l&#8217;alumnat de segon d&#8217;ESO ha participat en una sortida did\u00e0ctica preparada conjuntament entre les \u00e0rees de Matem\u00e0tiques i Socials. L&#8217;activitat ha consistit en una visita guiada pel casc antic de la ciutat de Girona. Durant aquesta han ampliat els seus coneixements sobre l&#8217;arquitectura i urbanisme medieval i han practicat c\u00e0lculs matem\u00e0tics vinculats als edificis i estructures arquitect\u00f2niques m\u00e9s emblem\u00e0tiques de la ciutat (esgl\u00e9sia de St. Feliu, restes de la muralla romana i medieval, escales de la catedral, interior de la catedral, carrer de la For\u00e7a, pla\u00e7a del Ra\u00efm i carrer de l&#8217;Argenteria. D&#8217;altra banda, tamb\u00e9 han pogut passejar per bona part del nucli antic i comentar la seva estructura. El temps ens ha acompanyat, segurament el curs vinent repetirem l&#8217;experi\u00e8ncia.<\/p>\n<p><a href=\"https:\/\/photos.app.goo.gl\/qGoNAJUb7jsCEeqC7\" target=\"_blank\" rel=\"noopener\"><img loading=\"lazy\" decoding=\"async\" class=\"aligncenter wp-image-6890 size-medium\" src=\"https:\/\/agora.xtec.cat\/iesdelvoltreganes\/wp-content\/uploads\/usu618\/2024\/12\/IMG-20241216-WA0000-225x300.jpg\" alt=\"\" width=\"225\" height=\"300\" srcset=\"https:\/\/agora.xtec.cat\/iesdelvoltreganes\/wp-content\/uploads\/usu618\/2024\/12\/IMG-20241216-WA0000-225x300.jpg 225w, https:\/\/agora.xtec.cat\/iesdelvoltreganes\/wp-content\/uploads\/usu618\/2024\/12\/IMG-20241216-WA0000-768x1024.jpg 768w, https:\/\/agora.xtec.cat\/iesdelvoltreganes\/wp-content\/uploads\/usu618\/2024\/12\/IMG-20241216-WA0000-1152x1536.jpg 1152w, https:\/\/agora.xtec.cat\/iesdelvoltreganes\/wp-content\/uploads\/usu618\/2024\/12\/IMG-20241216-WA0000.jpg 1200w\" sizes=\"auto, (max-width: 225px) 100vw, 225px\" \/><\/a><\/p>\n<p>&nbsp;<\/p>\n","protected":false},"excerpt":{"rendered":"<p>Divendres, l&#8217;alumnat de segon d&#8217;ESO ha participat en una sortida did\u00e0ctica preparada conjuntament entre les \u00e0rees de Matem\u00e0tiques i Socials. L&#8217;activitat ha consistit en una visita guiada pel casc antic de la ciutat de Girona. Durant aquesta han ampliat els seus coneixements sobre l&#8217;arquitectura i&hellip;  <a href=\"https:\/\/agora.xtec.cat\/iesdelvoltreganes\/general\/visita-guiada-pel-casc-antic-de-la-ciutat-de-girona\/\" title=\"Read Visita guiada pel casc antic de la ciutat de Girona\">Llegeix m\u00e9s\u00bb<\/a><\/p>\n","protected":false},"author":6,"featured_media":0,"comment_status":"closed","ping_status":"closed","sticky":false,"template":"","format":"standard","meta":{"_bbp_topic_count":0,"_bbp_reply_count":0,"_bbp_total_topic_count":0,"_bbp_total_reply_count":0,"_bbp_voice_count":0,"_bbp_anonymous_reply_count":0,"_bbp_topic_count_hidden":0,"_bbp_reply_count_hidden":0,"_bbp_forum_subforum_count":0,"footnotes":""},"categories":[66,5,1,73,29],"tags":[39],"class_list":["post-6887","post","type-post","status-publish","format-standard","hentry","category-ciencies-socials","category-eso-2","category-general","category-matematiques","category-portada","tag-sortides"],"post_mailing_queue_ids":[],"_links":{"self":[{"href":"https:\/\/agora.xtec.cat\/iesdelvoltreganes\/wp-json\/wp\/v2\/posts\/6887","targetHints":{"allow":["GET"]}}],"collection":[{"href":"https:\/\/agora.xtec.cat\/iesdelvoltreganes\/wp-json\/wp\/v2\/posts"}],"about":[{"href":"https:\/\/agora.xtec.cat\/iesdelvoltreganes\/wp-json\/wp\/v2\/types\/post"}],"author":[{"embeddable":true,"href":"https:\/\/agora.xtec.cat\/iesdelvoltreganes\/wp-json\/wp\/v2\/users\/6"}],"replies":[{"embeddable":true,"href":"https:\/\/agora.xtec.cat\/iesdelvoltreganes\/wp-json\/wp\/v2\/comments?post=6887"}],"version-history":[{"count":3,"href":"https:\/\/agora.xtec.cat\/iesdelvoltreganes\/wp-json\/wp\/v2\/posts\/6887\/revisions"}],"predecessor-version":[{"id":6891,"href":"https:\/\/agora.xtec.cat\/iesdelvoltreganes\/wp-json\/wp\/v2\/posts\/6887\/revisions\/6891"}],"wp:attachment":[{"href":"https:\/\/agora.xtec.cat\/iesdelvoltreganes\/wp-json\/wp\/v2\/media?parent=6887"}],"wp:term":[{"taxonomy":"category","embeddable":true,"href":"https:\/\/agora.xtec.cat\/iesdelvoltreganes\/wp-json\/wp\/v2\/categories?post=6887"},{"taxonomy":"post_tag","embeddable":true,"href":"https:\/\/agora.xtec.cat\/iesdelvoltreganes\/wp-json\/wp\/v2\/tags?post=6887"}],"curies":[{"name":"wp","href":"https:\/\/api.w.org\/{rel}","templated":true}]}}