{"id":6881,"date":"2024-12-12T19:00:23","date_gmt":"2024-12-12T18:00:23","guid":{"rendered":"https:\/\/agora.xtec.cat\/iesdelvoltreganes\/?p=6881"},"modified":"2024-12-12T19:02:22","modified_gmt":"2024-12-12T18:02:22","slug":"museu-del-ter-de-manlleu","status":"publish","type":"post","link":"https:\/\/agora.xtec.cat\/iesdelvoltreganes\/general\/museu-del-ter-de-manlleu\/","title":{"rendered":"Museu del Ter de Manlleu"},"content":{"rendered":"<p>Aquest mat\u00ed, l&#8217;alumnat de 4t d&#8217;ESO ha visitat el museu del Ter de Manlleu. Amb la visita guiada i les projeccions que han visualitzat, els alumnes han aprofundit en el tema de la industrialitzaci\u00f3 que estan treballant a Ci\u00e8ncies Socials. Com era la realitat dels obrers i, sobretot, de les obreres d&#8217;una f\u00e0brica t\u00e8xtil, ha estat el fil conductor que els ha donat l&#8217;oportunitat de con\u00e8ixer un dels museus m\u00e9s destacats d&#8217;Osona.<\/p>\n<p><a href=\"https:\/\/agora.xtec.cat\/iesdelvoltreganes\/wp-content\/uploads\/usu618\/2024\/12\/IMG-20241212-WA0004.jpg\"><img loading=\"lazy\" decoding=\"async\" class=\"alignnone size-medium wp-image-6882\" src=\"https:\/\/agora.xtec.cat\/iesdelvoltreganes\/wp-content\/uploads\/usu618\/2024\/12\/IMG-20241212-WA0004-300x169.jpg\" alt=\"\" width=\"300\" height=\"169\" srcset=\"https:\/\/agora.xtec.cat\/iesdelvoltreganes\/wp-content\/uploads\/usu618\/2024\/12\/IMG-20241212-WA0004-300x169.jpg 300w, https:\/\/agora.xtec.cat\/iesdelvoltreganes\/wp-content\/uploads\/usu618\/2024\/12\/IMG-20241212-WA0004-1024x576.jpg 1024w, https:\/\/agora.xtec.cat\/iesdelvoltreganes\/wp-content\/uploads\/usu618\/2024\/12\/IMG-20241212-WA0004-768x432.jpg 768w, https:\/\/agora.xtec.cat\/iesdelvoltreganes\/wp-content\/uploads\/usu618\/2024\/12\/IMG-20241212-WA0004-1536x864.jpg 1536w, https:\/\/agora.xtec.cat\/iesdelvoltreganes\/wp-content\/uploads\/usu618\/2024\/12\/IMG-20241212-WA0004.jpg 1920w\" sizes=\"auto, (max-width: 300px) 100vw, 300px\" \/><\/a><\/p>\n","protected":false},"excerpt":{"rendered":"<p>Aquest mat\u00ed, l&#8217;alumnat de 4t d&#8217;ESO ha visitat el museu del Ter de Manlleu. Amb la visita guiada i les projeccions que han visualitzat, els alumnes han aprofundit en el tema de la industrialitzaci\u00f3 que estan treballant a Ci\u00e8ncies Socials. Com era la realitat dels&hellip;  <a href=\"https:\/\/agora.xtec.cat\/iesdelvoltreganes\/general\/museu-del-ter-de-manlleu\/\" title=\"Read Museu del Ter de Manlleu\">Llegeix m\u00e9s\u00bb<\/a><\/p>\n","protected":false},"author":6,"featured_media":0,"comment_status":"closed","ping_status":"closed","sticky":false,"template":"","format":"standard","meta":{"_bbp_topic_count":0,"_bbp_reply_count":0,"_bbp_total_topic_count":0,"_bbp_total_reply_count":0,"_bbp_voice_count":0,"_bbp_anonymous_reply_count":0,"_bbp_topic_count_hidden":0,"_bbp_reply_count_hidden":0,"_bbp_forum_subforum_count":0,"footnotes":""},"categories":[66,7,1,29],"tags":[],"class_list":["post-6881","post","type-post","status-publish","format-standard","hentry","category-ciencies-socials","category-eso-4","category-general","category-portada"],"post_mailing_queue_ids":[],"_links":{"self":[{"href":"https:\/\/agora.xtec.cat\/iesdelvoltreganes\/wp-json\/wp\/v2\/posts\/6881","targetHints":{"allow":["GET"]}}],"collection":[{"href":"https:\/\/agora.xtec.cat\/iesdelvoltreganes\/wp-json\/wp\/v2\/posts"}],"about":[{"href":"https:\/\/agora.xtec.cat\/iesdelvoltreganes\/wp-json\/wp\/v2\/types\/post"}],"author":[{"embeddable":true,"href":"https:\/\/agora.xtec.cat\/iesdelvoltreganes\/wp-json\/wp\/v2\/users\/6"}],"replies":[{"embeddable":true,"href":"https:\/\/agora.xtec.cat\/iesdelvoltreganes\/wp-json\/wp\/v2\/comments?post=6881"}],"version-history":[{"count":1,"href":"https:\/\/agora.xtec.cat\/iesdelvoltreganes\/wp-json\/wp\/v2\/posts\/6881\/revisions"}],"predecessor-version":[{"id":6883,"href":"https:\/\/agora.xtec.cat\/iesdelvoltreganes\/wp-json\/wp\/v2\/posts\/6881\/revisions\/6883"}],"wp:attachment":[{"href":"https:\/\/agora.xtec.cat\/iesdelvoltreganes\/wp-json\/wp\/v2\/media?parent=6881"}],"wp:term":[{"taxonomy":"category","embeddable":true,"href":"https:\/\/agora.xtec.cat\/iesdelvoltreganes\/wp-json\/wp\/v2\/categories?post=6881"},{"taxonomy":"post_tag","embeddable":true,"href":"https:\/\/agora.xtec.cat\/iesdelvoltreganes\/wp-json\/wp\/v2\/tags?post=6881"}],"curies":[{"name":"wp","href":"https:\/\/api.w.org\/{rel}","templated":true}]}}