{"id":6867,"date":"2024-12-09T17:56:06","date_gmt":"2024-12-09T16:56:06","guid":{"rendered":"https:\/\/agora.xtec.cat\/iesdelvoltreganes\/?p=6867"},"modified":"2024-12-09T17:58:40","modified_gmt":"2024-12-09T16:58:40","slug":"reflexionar-sobre-que-es-lart","status":"publish","type":"post","link":"https:\/\/agora.xtec.cat\/iesdelvoltreganes\/general\/reflexionar-sobre-que-es-lart\/","title":{"rendered":"Projecte Flipart: Reflexionar sobre qu\u00e8 \u00e9s l&#8217;art"},"content":{"rendered":"<p><a href=\"https:\/\/agora.xtec.cat\/iesdelvoltreganes\/wp-content\/uploads\/usu618\/2024\/12\/20241209_130422-e1733763241567.jpg\"><img loading=\"lazy\" decoding=\"async\" class=\"size-medium wp-image-6869 aligncenter\" src=\"https:\/\/agora.xtec.cat\/iesdelvoltreganes\/wp-content\/uploads\/usu618\/2024\/12\/20241209_130422-e1733763241567-300x243.jpg\" alt=\"\" width=\"300\" height=\"243\" srcset=\"https:\/\/agora.xtec.cat\/iesdelvoltreganes\/wp-content\/uploads\/usu618\/2024\/12\/20241209_130422-e1733763241567-300x243.jpg 300w, https:\/\/agora.xtec.cat\/iesdelvoltreganes\/wp-content\/uploads\/usu618\/2024\/12\/20241209_130422-e1733763241567-1024x828.jpg 1024w, https:\/\/agora.xtec.cat\/iesdelvoltreganes\/wp-content\/uploads\/usu618\/2024\/12\/20241209_130422-e1733763241567-768x621.jpg 768w, https:\/\/agora.xtec.cat\/iesdelvoltreganes\/wp-content\/uploads\/usu618\/2024\/12\/20241209_130422-e1733763241567.jpg 1530w\" sizes=\"auto, (max-width: 300px) 100vw, 300px\" \/><\/a><\/p>\n<p><a \nhref=\"https:\/\/agora.xtec.cat\/iesdelvoltreganes\/wp-content\/uploads\/usu618\/2024\/12\/20241209_133643-e1733763213454.jpg\"><img loading=\"lazy\" decoding=\"async\" class=\"size-medium wp-image-6868 aligncenter\" src=\"https:\/\/agora.xtec.cat\/iesdelvoltreganes\/wp-content\/uploads\/usu618\/2024\/12\/20241209_133643-e1733763213454-264x300.jpg\" alt=\"\" width=\"264\" height=\"300\" srcset=\"https:\/\/agora.xtec.cat\/iesdelvoltreganes\/wp-content\/uploads\/usu618\/2024\/12\/20241209_133643-e1733763213454-264x300.jpg 264w, https:\/\/agora.xtec.cat\/iesdelvoltreganes\/wp-content\/uploads\/usu618\/2024\/12\/20241209_133643-e1733763213454-902x1024.jpg 902w, https:\/\/agora.xtec.cat\/iesdelvoltreganes\/wp-content\/uploads\/usu618\/2024\/12\/20241209_133643-e1733763213454-768x871.jpg 768w, https:\/\/agora.xtec.cat\/iesdelvoltreganes\/wp-content\/uploads\/usu618\/2024\/12\/20241209_133643-e1733763213454.jpg 1285w\" sizes=\"auto, (max-width: 264px) 100vw, 264px\" \/><\/a><\/p>\n<p>Aquest mat\u00ed, els alumnes de 1r de Batxillerat han gaudit d&#8217;un taller que no els ha deixat indiferents. Amb les can\u00e7ons del cantant i tamb\u00e9 actor &#8220;Boye&#8221;, se&#8217;ls ha convidat a reflexionar sobre qu\u00e8 \u00e9s l&#8217;art, com el podem expressar, quina intencionalitat pot transmetre i, sobretot, qu\u00e8 els fa sentir. Han set dues hores intenses en qu\u00e8 els alumnes han estat interpel\u00b7lats per l&#8217;artista que els ha donat l&#8217;oportunitat d&#8217;expressar-se i, en certa manera, fer trontollar la seva zona de comfort.<\/p>\n","protected":false},"excerpt":{"rendered":"<p><a href=\"https:\/\/agora.xtec.cat\/iesdelvoltreganes\/wp-content\/uploads\/usu618\/2024\/12\/20241209_130422-e1733763241567.jpg\"><\/a><br \/>\n<a \nhref=\"https:\/\/agora.xtec.cat\/iesdelvoltreganes\/wp-content\/uploads\/usu618\/2024\/12\/20241209_133643-e1733763213454.jpg\"><\/a><br \/>\nAquest mat\u00ed, els alumnes de 1r de Batxillerat han gaudit d&#8217;un taller que no els ha deixat indiferents. Amb les can\u00e7ons del cantant i tamb\u00e9 actor &#8220;Boye&#8221;, se&#8217;ls ha convidat a reflexionar sobre qu\u00e8 \u00e9s l&#8217;art, com el podem expressar, quina intencionalitat pot&hellip;  <a href=\"https:\/\/agora.xtec.cat\/iesdelvoltreganes\/general\/reflexionar-sobre-que-es-lart\/\" title=\"Read Projecte Flipart: Reflexionar sobre qu\u00e8 \u00e9s l&#8217;art\">Llegeix m\u00e9s\u00bb<\/a><\/p>\n","protected":false},"author":6,"featured_media":0,"comment_status":"closed","ping_status":"closed","sticky":false,"template":"","format":"standard","meta":{"_bbp_topic_count":0,"_bbp_reply_count":0,"_bbp_total_topic_count":0,"_bbp_total_reply_count":0,"_bbp_voice_count":0,"_bbp_anonymous_reply_count":0,"_bbp_topic_count_hidden":0,"_bbp_reply_count_hidden":0,"_bbp_forum_subforum_count":0,"footnotes":""},"categories":[8,1,29],"tags":[58],"class_list":["post-6867","post","type-post","status-publish","format-standard","hentry","category-batxillerat","category-general","category-portada","tag-tallers"],"post_mailing_queue_ids":[],"_links":{"self":[{"href":"https:\/\/agora.xtec.cat\/iesdelvoltreganes\/wp-json\/wp\/v2\/posts\/6867","targetHints":{"allow":["GET"]}}],"collection":[{"href":"https:\/\/agora.xtec.cat\/iesdelvoltreganes\/wp-json\/wp\/v2\/posts"}],"about":[{"href":"https:\/\/agora.xtec.cat\/iesdelvoltreganes\/wp-json\/wp\/v2\/types\/post"}],"author":[{"embeddable":true,"href":"https:\/\/agora.xtec.cat\/iesdelvoltreganes\/wp-json\/wp\/v2\/users\/6"}],"replies":[{"embeddable":true,"href":"https:\/\/agora.xtec.cat\/iesdelvoltreganes\/wp-json\/wp\/v2\/comments?post=6867"}],"version-history":[{"count":4,"href":"https:\/\/agora.xtec.cat\/iesdelvoltreganes\/wp-json\/wp\/v2\/posts\/6867\/revisions"}],"predecessor-version":[{"id":6874,"href":"https:\/\/agora.xtec.cat\/iesdelvoltreganes\/wp-json\/wp\/v2\/posts\/6867\/revisions\/6874"}],"wp:attachment":[{"href":"https:\/\/agora.xtec.cat\/iesdelvoltreganes\/wp-json\/wp\/v2\/media?parent=6867"}],"wp:term":[{"taxonomy":"category","embeddable":true,"href":"https:\/\/agora.xtec.cat\/iesdelvoltreganes\/wp-json\/wp\/v2\/categories?post=6867"},{"taxonomy":"post_tag","embeddable":true,"href":"https:\/\/agora.xtec.cat\/iesdelvoltreganes\/wp-json\/wp\/v2\/tags?post=6867"}],"curies":[{"name":"wp","href":"https:\/\/api.w.org\/{rel}","templated":true}]}}