{"id":6854,"date":"2024-12-02T09:39:01","date_gmt":"2024-12-02T08:39:01","guid":{"rendered":"https:\/\/agora.xtec.cat\/iesdelvoltreganes\/?p=6854"},"modified":"2024-12-02T09:43:56","modified_gmt":"2024-12-02T08:43:56","slug":"els-pendols","status":"publish","type":"post","link":"https:\/\/agora.xtec.cat\/iesdelvoltreganes\/general\/els-pendols\/","title":{"rendered":"Els p\u00e8ndols"},"content":{"rendered":"<p>Amb els alumnes de 1r de batxillerat estem estudiant el moviment circular. Els p\u00e8ndols en s\u00f3n un cas particular i, entre ells, els de Lissajous. Variant les longituds relatives de les cordes lligades a un contenidor de pintura s&#8217;obtenen figures geom\u00e8triques complexes gr\u00e0cies al seu moviment repetitiu.<br \/>\n<a href=\"https:\/\/agora.xtec.cat\/iesdelvoltreganes\/wp-content\/uploads\/usu618\/2024\/12\/IMG_20241129_090642.jpg\"><img loading=\"lazy\" decoding=\"async\" class=\"size-medium wp-image-6855 aligncenter\" src=\"https:\/\/agora.xtec.cat\/iesdelvoltreganes\/wp-content\/uploads\/usu618\/2024\/12\/IMG_20241129_090642-300x225.jpg\" alt=\"\" width=\"300\" height=\"225\" srcset=\"https:\/\/agora.xtec.cat\/iesdelvoltreganes\/wp-content\/uploads\/usu618\/2024\/12\/IMG_20241129_090642-300x225.jpg 300w, https:\/\/agora.xtec.cat\/iesdelvoltreganes\/wp-content\/uploads\/usu618\/2024\/12\/IMG_20241129_090642-1024x768.jpg 1024w, https:\/\/agora.xtec.cat\/iesdelvoltreganes\/wp-content\/uploads\/usu618\/2024\/12\/IMG_20241129_090642-768x576.jpg 768w, https:\/\/agora.xtec.cat\/iesdelvoltreganes\/wp-content\/uploads\/usu618\/2024\/12\/IMG_20241129_090642-1536x1152.jpg 1536w, https:\/\/agora.xtec.cat\/iesdelvoltreganes\/wp-content\/uploads\/usu618\/2024\/12\/IMG_20241129_090642-200x150.jpg 200w, https:\/\/agora.xtec.cat\/iesdelvoltreganes\/wp-content\/uploads\/usu618\/2024\/12\/IMG_20241129_090642.jpg 1632w\" sizes=\"auto, (max-width: 300px) 100vw, 300px\" \/><\/a><a href=\"https:\/\/agora.xtec.cat\/iesdelvoltreganes\/wp-content\/uploads\/usu618\/2024\/12\/IMG_20241129_090625-e1733128675705.jpg\"><img loading=\"lazy\" decoding=\"async\" class=\"size-medium wp-image-6856 aligncenter\" src=\"https:\/\/agora.xtec.cat\/iesdelvoltreganes\/wp-content\/uploads\/usu618\/2024\/12\/IMG_20241129_090625-e1733128675705-300x260.jpg\" alt=\"\" width=\"300\" height=\"260\" srcset=\"https:\/\/agora.xtec.cat\/iesdelvoltreganes\/wp-content\/uploads\/usu618\/2024\/12\/IMG_20241129_090625-e1733128675705-300x260.jpg 300w, https:\/\/agora.xtec.cat\/iesdelvoltreganes\/wp-content\/uploads\/usu618\/2024\/12\/IMG_20241129_090625-e1733128675705-768x666.jpg 768w, https:\/\/agora.xtec.cat\/iesdelvoltreganes\/wp-content\/uploads\/usu618\/2024\/12\/IMG_20241129_090625-e1733128675705.jpg 990w\" sizes=\"auto, (max-width: 300px) 100vw, 300px\" \/><\/a><a href=\"https:\/\/agora.xtec.cat\/iesdelvoltreganes\/wp-content\/uploads\/usu618\/2024\/12\/IMG_20241129_090753-e1733128644979.jpg\"><img loading=\"lazy\" decoding=\"async\" class=\"size-medium wp-image-6857 aligncenter\" src=\"https:\/\/agora.xtec.cat\/iesdelvoltreganes\/wp-content\/uploads\/usu618\/2024\/12\/IMG_20241129_090753-e1733128644979-300x162.jpg\" alt=\"\" width=\"300\" height=\"162\" srcset=\"https:\/\/agora.xtec.cat\/iesdelvoltreganes\/wp-content\/uploads\/usu618\/2024\/12\/IMG_20241129_090753-e1733128644979-300x162.jpg 300w, https:\/\/agora.xtec.cat\/iesdelvoltreganes\/wp-content\/uploads\/usu618\/2024\/12\/IMG_20241129_090753-e1733128644979-1024x552.jpg 1024w, https:\/\/agora.xtec.cat\/iesdelvoltreganes\/wp-content\/uploads\/usu618\/2024\/12\/IMG_20241129_090753-e1733128644979-768x414.jpg 768w, https:\/\/agora.xtec.cat\/iesdelvoltreganes\/wp-content\/uploads\/usu618\/2024\/12\/IMG_20241129_090753-e1733128644979.jpg 1180w\" sizes=\"auto, (max-width: 300px) 100vw, 300px\" \/><\/a><a href=\"https:\/\/agora.xtec.cat\/iesdelvoltreganes\/wp-content\/uploads\/usu618\/2024\/12\/IMG_20241129_090828-e1733128714425.jpg\"><img loading=\"lazy\" decoding=\"async\" class=\"size-medium wp-image-6858 aligncenter\" src=\"https:\/\/agora.xtec.cat\/iesdelvoltreganes\/wp-content\/uploads\/usu618\/2024\/12\/IMG_20241129_090828-e1733128714425-300x265.jpg\" alt=\"\" width=\"300\" height=\"265\" srcset=\"https:\/\/agora.xtec.cat\/iesdelvoltreganes\/wp-content\/uploads\/usu618\/2024\/12\/IMG_20241129_090828-e1733128714425-300x265.jpg 300w, https:\/\/agora.xtec.cat\/iesdelvoltreganes\/wp-content\/uploads\/usu618\/2024\/12\/IMG_20241129_090828-e1733128714425-768x679.jpg 768w, https:\/\/agora.xtec.cat\/iesdelvoltreganes\/wp-content\/uploads\/usu618\/2024\/12\/IMG_20241129_090828-e1733128714425.jpg 962w\" sizes=\"auto, (max-width: 300px) 100vw, 300px\" \/><\/a><\/p>\n","protected":false},"excerpt":{"rendered":"<p>Amb els alumnes de 1r de batxillerat estem estudiant el moviment circular. Els p\u00e8ndols en s\u00f3n un cas particular i, entre ells, els de Lissajous. Variant les longituds relatives de les cordes lligades a un contenidor de pintura s&#8217;obtenen figures geom\u00e8triques complexes gr\u00e0cies al seu&hellip;  <a href=\"https:\/\/agora.xtec.cat\/iesdelvoltreganes\/general\/els-pendols\/\" title=\"Read Els p\u00e8ndols\">Llegeix m\u00e9s\u00bb<\/a><\/p>\n","protected":false},"author":6,"featured_media":0,"comment_status":"closed","ping_status":"closed","sticky":false,"template":"","format":"standard","meta":{"_bbp_topic_count":0,"_bbp_reply_count":0,"_bbp_total_topic_count":0,"_bbp_total_reply_count":0,"_bbp_voice_count":0,"_bbp_anonymous_reply_count":0,"_bbp_topic_count_hidden":0,"_bbp_reply_count_hidden":0,"_bbp_forum_subforum_count":0,"footnotes":""},"categories":[8,65,1,29],"tags":[],"class_list":["post-6854","post","type-post","status-publish","format-standard","hentry","category-batxillerat","category-ciencies-experimentals","category-general","category-portada"],"post_mailing_queue_ids":[],"_links":{"self":[{"href":"https:\/\/agora.xtec.cat\/iesdelvoltreganes\/wp-json\/wp\/v2\/posts\/6854","targetHints":{"allow":["GET"]}}],"collection":[{"href":"https:\/\/agora.xtec.cat\/iesdelvoltreganes\/wp-json\/wp\/v2\/posts"}],"about":[{"href":"https:\/\/agora.xtec.cat\/iesdelvoltreganes\/wp-json\/wp\/v2\/types\/post"}],"author":[{"embeddable":true,"href":"https:\/\/agora.xtec.cat\/iesdelvoltreganes\/wp-json\/wp\/v2\/users\/6"}],"replies":[{"embeddable":true,"href":"https:\/\/agora.xtec.cat\/iesdelvoltreganes\/wp-json\/wp\/v2\/comments?post=6854"}],"version-history":[{"count":2,"href":"https:\/\/agora.xtec.cat\/iesdelvoltreganes\/wp-json\/wp\/v2\/posts\/6854\/revisions"}],"predecessor-version":[{"id":6866,"href":"https:\/\/agora.xtec.cat\/iesdelvoltreganes\/wp-json\/wp\/v2\/posts\/6854\/revisions\/6866"}],"wp:attachment":[{"href":"https:\/\/agora.xtec.cat\/iesdelvoltreganes\/wp-json\/wp\/v2\/media?parent=6854"}],"wp:term":[{"taxonomy":"category","embeddable":true,"href":"https:\/\/agora.xtec.cat\/iesdelvoltreganes\/wp-json\/wp\/v2\/categories?post=6854"},{"taxonomy":"post_tag","embeddable":true,"href":"https:\/\/agora.xtec.cat\/iesdelvoltreganes\/wp-json\/wp\/v2\/tags?post=6854"}],"curies":[{"name":"wp","href":"https:\/\/api.w.org\/{rel}","templated":true}]}}